{"id":139596,"date":"2025-07-04T19:01:44","date_gmt":"2025-07-04T14:01:44","guid":{"rendered":"https:\/\/zamanturkmenistan.com.tm\/?p=139596"},"modified":"2025-07-04T19:01:44","modified_gmt":"2025-07-04T14:01:44","slug":"yhg-nin-17-nji-sammitinin-caginde-ikitaraplayyn-dususyklar-gecirildi","status":"publish","type":"post","link":"https:\/\/zamanturkmenistan.com.tm\/?p=139596","title":{"rendered":"YHG-ni\u0148 17-nji Sammitini\u0148 \u00e7\u00e4ginde ikitarapla\u00fdyn du\u015fu\u015fyklar ge\u00e7irildi"},"content":{"rendered":"<p>4-nji i\u00fdulda Ykdysady hyzmatda\u015flyk guramasyny\u0148 17-nji Sammitini\u0148 \u00e7\u00e4ginde T\u00fcrkmenistany\u0148 Da\u015fary i\u015fler ministri Ra\u015fid Meredow Pakistan Yslam Respublikasyny\u0148 Da\u015fary i\u015fler ministri Muhammad Ishak Dar bilen du\u015fu\u015fdy.<br \/>\nI\u015fje\u0148 h\u00e4si\u00fdetli s\u00f6hbetde\u015fligi\u0148 dowamynda da\u015fary sy\u00fdasat edaralaryny\u0148 \u00fdolba\u015f\u00e7ylary t\u00fcrkmen-pakistan gatna\u015fyklaryny\u0148 h\u00e4zirki \u00fdagda\u00fdy we \u00f6sd\u00fcrmegi\u0148 geljegi bilen baglany\u015fykly meseleleri\u0148 gi\u0148 toplumyny ara alyp maslahatla\u015fdylar. \u00d6zara gyzyklanma bildiril\u00fd\u00e4n sebit we halkara meseleler bo\u00fdun\u00e7a hem pikir al\u015fyldy.<br \/>\nTaraplar T\u00fcrkmenistan-Owganystan-Pakistan-Hindistan (TOPH) transmilli gaz ge\u00e7irijisi, T\u00fcrkmenistan-Owganystan-Pakistan (TOP) elektroenergetiki we optiki s\u00fc\u00fd\u00fcmli aragatna\u015fyk ulgamy \u00fdaly sebit taslamalaryny\u0148 \u00e4hmi\u00fdetini nygtadylar.<br \/>\n\u015eol g\u00fcn Birle\u015fen Arap Emirliklerini\u0148 Senagat we \u00f6\u0148debaryjy tehnologi\u00fdalar ministri Soltan Ahmed Al Jaber bilen geple\u015fikler ge\u00e7irildi.<br \/>\nDu\u015fu\u015fygy\u0148 \u00e7\u00e4ginde taraplar energertika ulgamynda, hususan-da gaz pudagynda hyzmatda\u015flygy\u0148 geljegini ara alyp maslahatla\u015fdylar.<\/p>\n","protected":false},"excerpt":{"rendered":"<p>4-nji i\u00fdulda Ykdysady hyzmatda\u015flyk guramasyny\u0148 17-nji Sammitini\u0148 \u00e7\u00e4ginde T\u00fcrkmenistany\u0148 Da\u015fary i\u015fler ministri Ra\u015fid Meredow Pakistan Yslam Respublikasyny\u0148 Da\u015fary i\u015fler ministri Muhammad Ishak Dar bilen du\u015fu\u015fdy. I\u015fje\u0148 h\u00e4si\u00fdetli s\u00f6hbetde\u015fligi\u0148 dowamynda da\u015fary sy\u00fdasat edaralaryny\u0148 \u00fdolba\u015f\u00e7ylary t\u00fcrkmen-pakistan gatna\u015fyklaryny\u0148 h\u00e4zirki \u00fdagda\u00fdy we \u00f6sd\u00fcrmegi\u0148 geljegi bilen baglany\u015fykly meseleleri\u0148 gi\u0148 toplumyny ara alyp maslahatla\u015fdylar. \u00d6zara gyzyklanma bildiril\u00fd\u00e4n sebit we halkara meseleler [&hellip;]<\/p>\n","protected":false},"author":2,"featured_media":139597,"comment_status":"open","ping_status":"closed","sticky":false,"template":"","format":"standard","meta":{"footnotes":""},"categories":[3],"tags":[],"acf":[],"_links":{"self":[{"href":"https:\/\/zamanturkmenistan.com.tm\/index.php?rest_route=\/wp\/v2\/posts\/139596"}],"collection":[{"href":"https:\/\/zamanturkmenistan.com.tm\/index.php?rest_route=\/wp\/v2\/posts"}],"about":[{"href":"https:\/\/zamanturkmenistan.com.tm\/index.php?rest_route=\/wp\/v2\/types\/post"}],"author":[{"embeddable":true,"href":"https:\/\/zamanturkmenistan.com.tm\/index.php?rest_route=\/wp\/v2\/users\/2"}],"replies":[{"embeddable":true,"href":"https:\/\/zamanturkmenistan.com.tm\/index.php?rest_route=%2Fwp%2Fv2%2Fcomments&post=139596"}],"version-history":[{"count":1,"href":"https:\/\/zamanturkmenistan.com.tm\/index.php?rest_route=\/wp\/v2\/posts\/139596\/revisions"}],"predecessor-version":[{"id":139598,"href":"https:\/\/zamanturkmenistan.com.tm\/index.php?rest_route=\/wp\/v2\/posts\/139596\/revisions\/139598"}],"wp:featuredmedia":[{"embeddable":true,"href":"https:\/\/zamanturkmenistan.com.tm\/index.php?rest_route=\/wp\/v2\/media\/139597"}],"wp:attachment":[{"href":"https:\/\/zamanturkmenistan.com.tm\/index.php?rest_route=%2Fwp%2Fv2%2Fmedia&parent=139596"}],"wp:term":[{"taxonomy":"category","embeddable":true,"href":"https:\/\/zamanturkmenistan.com.tm\/index.php?rest_route=%2Fwp%2Fv2%2Fcategories&post=139596"},{"taxonomy":"post_tag","embeddable":true,"href":"https:\/\/zamanturkmenistan.com.tm\/index.php?rest_route=%2Fwp%2Fv2%2Ftags&post=139596"}],"curies":[{"name":"wp","href":"https:\/\/api.w.org\/{rel}","templated":true}]}}