{"id":139599,"date":"2025-07-04T19:03:50","date_gmt":"2025-07-04T14:03:50","guid":{"rendered":"https:\/\/zamanturkmenistan.com.tm\/?p=139599"},"modified":"2025-07-04T19:03:50","modified_gmt":"2025-07-04T14:03:50","slug":"turkmenistanyn-we-azerbayjanyn-dasary-isler-ministrlerinin-dususygy","status":"publish","type":"post","link":"https:\/\/zamanturkmenistan.com.tm\/?p=139599","title":{"rendered":"T\u00fcrkmenistany\u0148 we Azerba\u00fdjany\u0148 Da\u015fary i\u015fler ministrlerini\u0148 du\u015fu\u015fygy"},"content":{"rendered":"<p>3-nji i\u00fdulda T\u00fcrkmenistany\u0148 Da\u015fary i\u015fler ministri Ra\u015fid Meredow bilen Azerba\u00fdjan Respublikasyny\u0148 Da\u015fary i\u015fler ministri Je\u00fdhun Ba\u00fdramowy\u0148 arasynda du\u015fu\u015fyk ge\u00e7irildi.<br \/>\nDu\u015fu\u015fygy\u0148 dowamynda taraplar sy\u00fdasy-diplomatik hyzmatda\u015flygy\u0148 \u00fdokary derejesini kanagatlanma bilen bellediler. \u00d6zara gyzyklanma bildiril\u00fd\u00e4n \u00e4hli ugurlaryndaky gatna\u015fyklary has-da \u00e7u\u0148la\u015fdyrmaga ygrarlylyk tassyklandy.<br \/>\nMinistrler yzygiderli ge\u00e7iril\u00fd\u00e4n \u00fdokary derejeli du\u015fu\u015fyklary\u0148 we gazanylan ylala\u015fyklary\u0148 yzygiderli \u00fderine \u00fdetirilmegini\u0148 t\u00fcrkmen-azerba\u00fdjan gatna\u015fyklaryny\u0148 has hem \u00e7u\u0148la\u015fdyrylmagyna we gi\u0148eldilmegine go\u015fant go\u015fjakdygyna ynam bildirdiler.<br \/>\nTaraplar energi\u00fda pudagyndaky hyzmatda\u015flygy\u0148 h\u00e4zirki \u00fdagda\u00fdyny we geljegini ara alyp maslahatla\u015fdylar<br \/>\nT\u00fcrkmenistany\u0148 we Azerba\u00fdjany\u0148 sebit hem-de halkara ulag ge\u00e7elgelerini\u0148 esasy merkezi h\u00f6km\u00fcnde strategiki orny nygtaldy.<br \/>\nDa\u015fary sy\u00fdasat edaralaryny\u0148 \u00fdolba\u015f\u00e7ylary ykdysady gatna\u015fyklary diwersifikasi\u00fdala\u015fdyrmagy\u0148 we \u00f6zara s\u00f6wdany\u0148 m\u00f6\u00e7berini artdyrmagy\u0148 \u00fdollaryna garadylar, \u015fe\u00fdle hem medeni\u00fdet, bilim, ylym we be\u00fdleki sosial ugurlardaky gatna\u015fyklary gi\u0148eltmegi\u0148 m\u00f6h\u00fcmdigini bellediler.<\/p>\n","protected":false},"excerpt":{"rendered":"<p>3-nji i\u00fdulda T\u00fcrkmenistany\u0148 Da\u015fary i\u015fler ministri Ra\u015fid Meredow bilen Azerba\u00fdjan Respublikasyny\u0148 Da\u015fary i\u015fler ministri Je\u00fdhun Ba\u00fdramowy\u0148 arasynda du\u015fu\u015fyk ge\u00e7irildi. Du\u015fu\u015fygy\u0148 dowamynda taraplar sy\u00fdasy-diplomatik hyzmatda\u015flygy\u0148 \u00fdokary derejesini kanagatlanma bilen bellediler. \u00d6zara gyzyklanma bildiril\u00fd\u00e4n \u00e4hli ugurlaryndaky gatna\u015fyklary has-da \u00e7u\u0148la\u015fdyrmaga ygrarlylyk tassyklandy. Ministrler yzygiderli ge\u00e7iril\u00fd\u00e4n \u00fdokary derejeli du\u015fu\u015fyklary\u0148 we gazanylan ylala\u015fyklary\u0148 yzygiderli \u00fderine \u00fdetirilmegini\u0148 t\u00fcrkmen-azerba\u00fdjan gatna\u015fyklaryny\u0148 has hem [&hellip;]<\/p>\n","protected":false},"author":2,"featured_media":139600,"comment_status":"open","ping_status":"closed","sticky":false,"template":"","format":"standard","meta":{"footnotes":""},"categories":[3],"tags":[],"acf":[],"_links":{"self":[{"href":"https:\/\/zamanturkmenistan.com.tm\/index.php?rest_route=\/wp\/v2\/posts\/139599"}],"collection":[{"href":"https:\/\/zamanturkmenistan.com.tm\/index.php?rest_route=\/wp\/v2\/posts"}],"about":[{"href":"https:\/\/zamanturkmenistan.com.tm\/index.php?rest_route=\/wp\/v2\/types\/post"}],"author":[{"embeddable":true,"href":"https:\/\/zamanturkmenistan.com.tm\/index.php?rest_route=\/wp\/v2\/users\/2"}],"replies":[{"embeddable":true,"href":"https:\/\/zamanturkmenistan.com.tm\/index.php?rest_route=%2Fwp%2Fv2%2Fcomments&post=139599"}],"version-history":[{"count":1,"href":"https:\/\/zamanturkmenistan.com.tm\/index.php?rest_route=\/wp\/v2\/posts\/139599\/revisions"}],"predecessor-version":[{"id":139601,"href":"https:\/\/zamanturkmenistan.com.tm\/index.php?rest_route=\/wp\/v2\/posts\/139599\/revisions\/139601"}],"wp:featuredmedia":[{"embeddable":true,"href":"https:\/\/zamanturkmenistan.com.tm\/index.php?rest_route=\/wp\/v2\/media\/139600"}],"wp:attachment":[{"href":"https:\/\/zamanturkmenistan.com.tm\/index.php?rest_route=%2Fwp%2Fv2%2Fmedia&parent=139599"}],"wp:term":[{"taxonomy":"category","embeddable":true,"href":"https:\/\/zamanturkmenistan.com.tm\/index.php?rest_route=%2Fwp%2Fv2%2Fcategories&post=139599"},{"taxonomy":"post_tag","embeddable":true,"href":"https:\/\/zamanturkmenistan.com.tm\/index.php?rest_route=%2Fwp%2Fv2%2Ftags&post=139599"}],"curies":[{"name":"wp","href":"https:\/\/api.w.org\/{rel}","templated":true}]}}