{"id":140331,"date":"2025-07-14T10:45:43","date_gmt":"2025-07-14T05:45:43","guid":{"rendered":"https:\/\/zamanturkmenistan.com.tm\/?p=140331"},"modified":"2025-07-14T10:45:43","modified_gmt":"2025-07-14T05:45:43","slug":"gobeklitepe-syyahatcylyk-merkezine-owruldi","status":"publish","type":"post","link":"https:\/\/zamanturkmenistan.com.tm\/?p=140331","title":{"rendered":"G\u00f6beklitepe sy\u00fdahat\u00e7ylyk merkezine \u00f6wr\u00fcldi"},"content":{"rendered":"<p>D\u00fcn\u00fd\u00e4ni\u0148 i\u0148 gadymy desgalaryny\u0148 biri bolan G\u00f6beklitepe ybadathana toplumy so\u0148ky \u00fdyllarda Anadolyny\u0148 g\u00fcnorta-g\u00fcndogaryndaky me\u015fhur sy\u00fdahat\u00e7ylyk mekanyna \u00f6wr\u00fcldi. G\u00f6beklitepe 2019-njy \u00fdylda k\u00f6p\u00e7\u00fclige a\u00e7ylaly b\u00e4ri, 3 million 645 m\u00fc\u0148 \u00fderli we da\u015fary \u00fdurtly sy\u00fdahat\u00e7y geldi. 2025-nji \u00fdyly\u0148 \u00fdanwar-i\u00fdun a\u00fdlarynda megalite 385 m\u00fc\u0148 511 sy\u00fdahat\u00e7y geldi.<br \/>\nWela\u00fdat merkezi \u015eanlyurfadan 18 kilometr uzaklykda \u00fderle\u015f\u00fd\u00e4n Halili\u00fde etrabynda \u00fderle\u015f\u00fd\u00e4n bu toplum 1963-nji \u00fdylda tapyldy we 1995-nji \u00fdyldan b\u00e4ri gazuw-agtary\u015f i\u015fleri dowam etdiril\u00fd\u00e4r. 2018-nji \u00fdyly\u0148 i\u00fdul a\u00fdynda G\u00f6beklitepe toplumy \u00ddUNESKO-ny\u0148 B\u00fctind\u00fcn\u00fd\u00e4 mirasyny\u0148 sanawyna girizildi we 2019-njy \u00fdyly\u0148 mart a\u00fdynda bolsa, \u00fdokary derejeli d\u00f6wlet wekillerini\u0148 gatna\u015fmagynda resmi a\u00e7yly\u015fy boldy. T\u00fcrki\u00fde d\u00f6wletini\u0148 karary bilen 2019-njy \u00fdylda \u00fdurtda \u201cG\u00f6beklitepe \u00fdyly\u201d di\u00fdlip yglan edildi.<br \/>\nAnadolyny\u0148 mirasyny wagyz etmek maksady bilen T\u00fcrki\u00fd\u00e4ni\u0148 Medeni\u00fdet we sy\u00fdahat\u00e7ylyk ministrligi wagtal-wagtal da\u015fary \u00fdurtlarda d\u00fcrli \u00e7\u00e4releri gurna\u00fdar. Ministrlik tarapyndan Rimde gurnalan \u201cG\u00f6beklitepe: mukaddes \u00fderi\u0148 syry\u201d atly serg\u00e4 alty a\u00fdy\u0148 i\u00e7inde alty milliondan gowrak jahanke\u015fde baryp g\u00f6rdi.<\/p>\n","protected":false},"excerpt":{"rendered":"<p>D\u00fcn\u00fd\u00e4ni\u0148 i\u0148 gadymy desgalaryny\u0148 biri bolan G\u00f6beklitepe ybadathana toplumy so\u0148ky \u00fdyllarda Anadolyny\u0148 g\u00fcnorta-g\u00fcndogaryndaky me\u015fhur sy\u00fdahat\u00e7ylyk mekanyna \u00f6wr\u00fcldi. G\u00f6beklitepe 2019-njy \u00fdylda k\u00f6p\u00e7\u00fclige a\u00e7ylaly b\u00e4ri, 3 million 645 m\u00fc\u0148 \u00fderli we da\u015fary \u00fdurtly sy\u00fdahat\u00e7y geldi. 2025-nji \u00fdyly\u0148 \u00fdanwar-i\u00fdun a\u00fdlarynda megalite 385 m\u00fc\u0148 511 sy\u00fdahat\u00e7y geldi. Wela\u00fdat merkezi \u015eanlyurfadan 18 kilometr uzaklykda \u00fderle\u015f\u00fd\u00e4n Halili\u00fde etrabynda \u00fderle\u015f\u00fd\u00e4n bu toplum [&hellip;]<\/p>\n","protected":false},"author":2,"featured_media":140332,"comment_status":"open","ping_status":"closed","sticky":false,"template":"","format":"standard","meta":{"footnotes":""},"categories":[5],"tags":[],"acf":[],"_links":{"self":[{"href":"https:\/\/zamanturkmenistan.com.tm\/index.php?rest_route=\/wp\/v2\/posts\/140331"}],"collection":[{"href":"https:\/\/zamanturkmenistan.com.tm\/index.php?rest_route=\/wp\/v2\/posts"}],"about":[{"href":"https:\/\/zamanturkmenistan.com.tm\/index.php?rest_route=\/wp\/v2\/types\/post"}],"author":[{"embeddable":true,"href":"https:\/\/zamanturkmenistan.com.tm\/index.php?rest_route=\/wp\/v2\/users\/2"}],"replies":[{"embeddable":true,"href":"https:\/\/zamanturkmenistan.com.tm\/index.php?rest_route=%2Fwp%2Fv2%2Fcomments&post=140331"}],"version-history":[{"count":1,"href":"https:\/\/zamanturkmenistan.com.tm\/index.php?rest_route=\/wp\/v2\/posts\/140331\/revisions"}],"predecessor-version":[{"id":140333,"href":"https:\/\/zamanturkmenistan.com.tm\/index.php?rest_route=\/wp\/v2\/posts\/140331\/revisions\/140333"}],"wp:featuredmedia":[{"embeddable":true,"href":"https:\/\/zamanturkmenistan.com.tm\/index.php?rest_route=\/wp\/v2\/media\/140332"}],"wp:attachment":[{"href":"https:\/\/zamanturkmenistan.com.tm\/index.php?rest_route=%2Fwp%2Fv2%2Fmedia&parent=140331"}],"wp:term":[{"taxonomy":"category","embeddable":true,"href":"https:\/\/zamanturkmenistan.com.tm\/index.php?rest_route=%2Fwp%2Fv2%2Fcategories&post=140331"},{"taxonomy":"post_tag","embeddable":true,"href":"https:\/\/zamanturkmenistan.com.tm\/index.php?rest_route=%2Fwp%2Fv2%2Ftags&post=140331"}],"curies":[{"name":"wp","href":"https:\/\/api.w.org\/{rel}","templated":true}]}}