{"id":141252,"date":"2025-07-25T10:13:59","date_gmt":"2025-07-25T05:13:59","guid":{"rendered":"https:\/\/zamanturkmenistan.com.tm\/?p=141252"},"modified":"2025-07-25T10:13:59","modified_gmt":"2025-07-25T05:13:59","slug":"turkmenistan-awiakompaniyasy-icerki-gatnawlaryn-tertibini-tazeledi","status":"publish","type":"post","link":"https:\/\/zamanturkmenistan.com.tm\/?p=141252","title":{"rendered":"\u201cT\u00fcrkmenistan\u201d awiakompani\u00fdasy\u201d i\u00e7erki gatnawlary\u0148 tertibini t\u00e4zeledi"},"content":{"rendered":"<p>\u201cT\u00fcrkmenistan\u201d awiakompani\u00fdasyny\u0148 resmi web sahypasynda 2025-nji \u00fdyly\u0148 25-nji i\u00fdulynda g\u00fc\u00fdje girjek i\u00e7erki u\u00e7u\u015flary\u0148 \u00fc\u00fdtgedilen <a href=\"https:\/\/turkmenistanairlines.tm\/tm\/services\/show\/napravlenie-i-raspisanie-reysov\">tertibini<\/a> \u00e7ap edildi. T\u00e4ze me\u00fdilnama la\u00fdyklykda, i\u0148 \u00fdokary \u00fdygylykly howa gatnawy, \u00fdagny hepd\u00e4ni\u0148 g\u00fcn\u00fcne baglylykda g\u00fcnde \u00fdedi u\u00e7u\u015f A\u015fgabat-Da\u015foguz ugrunda amala a\u015fyrylmagy me\u00fdille\u015fdiril\u00fd\u00e4r.<br \/>\nAwiakompani\u00fda A\u015fgabat-T\u00fcrkmenabat ugrunda g\u00fcnde alty u\u00e7u\u015f amala a\u015fyrmagy me\u00fdille\u015fdir\u00fd\u00e4r. A\u015fgabat-Mary ugrunda hepd\u00e4ni\u0148 g\u00fcn\u00fcne baglylykda d\u00fcrli \u00fdygylykly d\u00f6rt u\u00e7u\u015f bilen hyzmat eder. A\u015fgabat-Balkanabat ugry \u00fc\u00e7in her g\u00fcn T5-253 u\u00e7u\u015fyny go\u015fmak bilen d\u00f6rt u\u00e7u\u015f me\u00fdille\u015fdiril\u00fd\u00e4r, howa g\u00e4misi sagat 10:00-da u\u00e7ar.<br \/>\nT\u00e4ze me\u00fdilnama, \u015fe\u00fdle hem Da\u015foguz, T\u00fcrkmenabat, Mary we Balkanabat aralygyndaky gatnawlary \u00f6z i\u00e7ine al\u00fdan sebitara ugurlary\u0148 \u00f6sd\u00fcrilmegini g\u00f6z \u00f6\u0148\u00fcnde tut\u00fdar, bu \u00fdolag\u00e7ylara pa\u00fdtagtymyzy\u0148 \u00fcsti bilen ge\u00e7mezden wela\u00fdat merkezlerini\u0148 arasynda sy\u00fdahat etm\u00e4ge m\u00fcmkin\u00e7ilik berer.<br \/>\nD\u00fcrli \u00fdygylykdaky d\u00f6rt u\u00e7u\u015f bilen A\u015fgabat-Kerki ugruna hem a\u00fdratyn \u00fcns beril\u00fd\u00e4r.<br \/>\nAwiakompani\u00fda u\u00e7u\u015f wagtyny\u0148 \u00fc\u00fdtg\u00e4p biljekdigini we k\u00e4bir u\u00e7u\u015flary\u0148 giden g\u00fcn\u00fcnden bir g\u00fcn so\u0148 gel\u00fd\u00e4ndigini belle\u00fd\u00e4r. \u00ddolag\u00e7ylara sy\u00fdahatlaryny me\u00fdille\u015fdirmezden ozal i\u0148 so\u0148ky u\u00e7u\u015f maglumatlaryny barlamak maslahat beril\u00fd\u00e4r.<\/p>\n","protected":false},"excerpt":{"rendered":"<p>\u201cT\u00fcrkmenistan\u201d awiakompani\u00fdasyny\u0148 resmi web sahypasynda 2025-nji \u00fdyly\u0148 25-nji i\u00fdulynda g\u00fc\u00fdje girjek i\u00e7erki u\u00e7u\u015flary\u0148 \u00fc\u00fdtgedilen tertibini \u00e7ap edildi. T\u00e4ze me\u00fdilnama la\u00fdyklykda, i\u0148 \u00fdokary \u00fdygylykly howa gatnawy, \u00fdagny hepd\u00e4ni\u0148 g\u00fcn\u00fcne baglylykda g\u00fcnde \u00fdedi u\u00e7u\u015f A\u015fgabat-Da\u015foguz ugrunda amala a\u015fyrylmagy me\u00fdille\u015fdiril\u00fd\u00e4r. Awiakompani\u00fda A\u015fgabat-T\u00fcrkmenabat ugrunda g\u00fcnde alty u\u00e7u\u015f amala a\u015fyrmagy me\u00fdille\u015fdir\u00fd\u00e4r. A\u015fgabat-Mary ugrunda hepd\u00e4ni\u0148 g\u00fcn\u00fcne baglylykda d\u00fcrli \u00fdygylykly d\u00f6rt u\u00e7u\u015f [&hellip;]<\/p>\n","protected":false},"author":2,"featured_media":108463,"comment_status":"open","ping_status":"closed","sticky":false,"template":"","format":"standard","meta":{"footnotes":""},"categories":[8273,3],"tags":[],"acf":[],"_links":{"self":[{"href":"https:\/\/zamanturkmenistan.com.tm\/index.php?rest_route=\/wp\/v2\/posts\/141252"}],"collection":[{"href":"https:\/\/zamanturkmenistan.com.tm\/index.php?rest_route=\/wp\/v2\/posts"}],"about":[{"href":"https:\/\/zamanturkmenistan.com.tm\/index.php?rest_route=\/wp\/v2\/types\/post"}],"author":[{"embeddable":true,"href":"https:\/\/zamanturkmenistan.com.tm\/index.php?rest_route=\/wp\/v2\/users\/2"}],"replies":[{"embeddable":true,"href":"https:\/\/zamanturkmenistan.com.tm\/index.php?rest_route=%2Fwp%2Fv2%2Fcomments&post=141252"}],"version-history":[{"count":1,"href":"https:\/\/zamanturkmenistan.com.tm\/index.php?rest_route=\/wp\/v2\/posts\/141252\/revisions"}],"predecessor-version":[{"id":141253,"href":"https:\/\/zamanturkmenistan.com.tm\/index.php?rest_route=\/wp\/v2\/posts\/141252\/revisions\/141253"}],"wp:featuredmedia":[{"embeddable":true,"href":"https:\/\/zamanturkmenistan.com.tm\/index.php?rest_route=\/wp\/v2\/media\/108463"}],"wp:attachment":[{"href":"https:\/\/zamanturkmenistan.com.tm\/index.php?rest_route=%2Fwp%2Fv2%2Fmedia&parent=141252"}],"wp:term":[{"taxonomy":"category","embeddable":true,"href":"https:\/\/zamanturkmenistan.com.tm\/index.php?rest_route=%2Fwp%2Fv2%2Fcategories&post=141252"},{"taxonomy":"post_tag","embeddable":true,"href":"https:\/\/zamanturkmenistan.com.tm\/index.php?rest_route=%2Fwp%2Fv2%2Ftags&post=141252"}],"curies":[{"name":"wp","href":"https:\/\/api.w.org\/{rel}","templated":true}]}}