{"id":141309,"date":"2025-07-25T15:24:28","date_gmt":"2025-07-25T10:24:28","guid":{"rendered":"https:\/\/zamanturkmenistan.com.tm\/?p=141309"},"modified":"2025-07-25T15:24:28","modified_gmt":"2025-07-25T10:24:28","slug":"fransiya-palestina-dowletini-ykrar-eder","status":"publish","type":"post","link":"https:\/\/zamanturkmenistan.com.tm\/?p=141309","title":{"rendered":"Fransi\u00fda Palestina d\u00f6wletini ykrar eder"},"content":{"rendered":"<p>Fransi\u00fdany\u0148 Prezidenti Emmanuel Makron sent\u00fdabr a\u00fdynda ge\u00e7iriljek Birle\u015fen Milletler Guramasyny\u0148 mejlisinde Palestina d\u00f6wletini ykrar etjekdigini m\u00e4lim etdi. \u015ee\u00fdlelikde, Fransi\u00fda BMG-ni\u0148 Howpsuzlyk Ge\u0148e\u015fine agza hem-de G7 \u00fdurtlaryny\u0148 arasynda Palestinany ykrar eden ilkinji \u00fdurt bolar.<br \/>\nPrezident Makron &#8211; \u00ddakyn G\u00fcndogarda adalatly we hemi\u015felik parahat\u00e7ylyga bolan taryhy ygrarlylygyma la\u00fdyklykda, Fransi\u00fdany\u0148 Palestina d\u00f6wletini ykrar etmegi barada karara geldim \u2013 di\u00fdip belledi.<br \/>\nFransi\u00fda so\u0148ky a\u00fdlarda Palestinany BMG-\u00e4 doly agza h\u00f6km\u00fcnde kabul edilmegine tarapdardygyny \u00f6\u0148e s\u00fcr\u00fcp gel\u00fd\u00e4r. 2024-nji \u00fdyly\u0148 fewral a\u00fdynda Makron Palestinany ykrar etmek m\u00fcmkin\u00e7iligini aradan a\u00fdyrma\u00fdandygyny we bu mesel\u00e4ni tabu (m\u00fcmkin d\u00e4l) hasaplama\u00fdandygyny a\u00fddypdy.<br \/>\nPalestina 2012-nji \u00fdyly\u0148 no\u00fdabryndan b\u00e4ri Watikan bilen bilelikde BMG-ni\u0148 syn\u00e7y d\u00f6wleti hasaplan\u00fdar. \u00ddurdy BMG-na agza 193 \u00fdurdu\u0148 147-si ykrar ed\u00fd\u00e4r.<\/p>\n","protected":false},"excerpt":{"rendered":"<p>Fransi\u00fdany\u0148 Prezidenti Emmanuel Makron sent\u00fdabr a\u00fdynda ge\u00e7iriljek Birle\u015fen Milletler Guramasyny\u0148 mejlisinde Palestina d\u00f6wletini ykrar etjekdigini m\u00e4lim etdi. \u015ee\u00fdlelikde, Fransi\u00fda BMG-ni\u0148 Howpsuzlyk Ge\u0148e\u015fine agza hem-de G7 \u00fdurtlaryny\u0148 arasynda Palestinany ykrar eden ilkinji \u00fdurt bolar. Prezident Makron &#8211; \u00ddakyn G\u00fcndogarda adalatly we hemi\u015felik parahat\u00e7ylyga bolan taryhy ygrarlylygyma la\u00fdyklykda, Fransi\u00fdany\u0148 Palestina d\u00f6wletini ykrar etmegi barada karara geldim \u2013 [&hellip;]<\/p>\n","protected":false},"author":2,"featured_media":107764,"comment_status":"open","ping_status":"closed","sticky":false,"template":"","format":"standard","meta":{"footnotes":""},"categories":[5],"tags":[],"acf":[],"_links":{"self":[{"href":"https:\/\/zamanturkmenistan.com.tm\/index.php?rest_route=\/wp\/v2\/posts\/141309"}],"collection":[{"href":"https:\/\/zamanturkmenistan.com.tm\/index.php?rest_route=\/wp\/v2\/posts"}],"about":[{"href":"https:\/\/zamanturkmenistan.com.tm\/index.php?rest_route=\/wp\/v2\/types\/post"}],"author":[{"embeddable":true,"href":"https:\/\/zamanturkmenistan.com.tm\/index.php?rest_route=\/wp\/v2\/users\/2"}],"replies":[{"embeddable":true,"href":"https:\/\/zamanturkmenistan.com.tm\/index.php?rest_route=%2Fwp%2Fv2%2Fcomments&post=141309"}],"version-history":[{"count":1,"href":"https:\/\/zamanturkmenistan.com.tm\/index.php?rest_route=\/wp\/v2\/posts\/141309\/revisions"}],"predecessor-version":[{"id":141310,"href":"https:\/\/zamanturkmenistan.com.tm\/index.php?rest_route=\/wp\/v2\/posts\/141309\/revisions\/141310"}],"wp:featuredmedia":[{"embeddable":true,"href":"https:\/\/zamanturkmenistan.com.tm\/index.php?rest_route=\/wp\/v2\/media\/107764"}],"wp:attachment":[{"href":"https:\/\/zamanturkmenistan.com.tm\/index.php?rest_route=%2Fwp%2Fv2%2Fmedia&parent=141309"}],"wp:term":[{"taxonomy":"category","embeddable":true,"href":"https:\/\/zamanturkmenistan.com.tm\/index.php?rest_route=%2Fwp%2Fv2%2Fcategories&post=141309"},{"taxonomy":"post_tag","embeddable":true,"href":"https:\/\/zamanturkmenistan.com.tm\/index.php?rest_route=%2Fwp%2Fv2%2Ftags&post=141309"}],"curies":[{"name":"wp","href":"https:\/\/api.w.org\/{rel}","templated":true}]}}