{"id":141804,"date":"2025-07-31T17:14:28","date_gmt":"2025-07-31T12:14:28","guid":{"rendered":"https:\/\/zamanturkmenistan.com.tm\/?p=141804"},"modified":"2025-07-31T17:14:28","modified_gmt":"2025-07-31T12:14:28","slug":"kanada-we-malta-palestinany-ykrar-etmekci","status":"publish","type":"post","link":"https:\/\/zamanturkmenistan.com.tm\/?p=141804","title":{"rendered":"Kanada we Malta Palestinany ykrar etmek\u00e7i"},"content":{"rendered":"<p>Kanada we Malta sent\u00fdabr a\u00fdynda ge\u00e7iriljek BMG-ni\u0148 Ba\u015f Assamble\u00fdasyny\u0148 mejlisinde Palestina d\u00f6wletini ykrar etmegi me\u00fdille\u015fdir\u00fd\u00e4r. Bu barada Kanadany\u0148 Prem\u00fder-ministri Mark Karni we Maltany\u0148 Prem\u00fder-ministri Robert Abela m\u00e4lim etdi.<br \/>\nKanada so\u0148ky g\u00fcnlerde Palestina d\u00f6wletini ykrar etmek me\u00fdilnamasyny yglan eden G7-ni\u0148 \u00fc\u00e7\u00fcnji \u00fdurdy boldy. Ondan \u00f6\u0148 Fransi\u00fda we Be\u00fdik Britani\u00fda \u015fe\u00fdle \u00e4dimleri barada yglan edipdiler.<br \/>\nKarnini\u0148 pikiri\u00e7e, Kanadany\u0148 da\u015fary sy\u00fdasatyny\u0148 \u00fc\u00fdtgemegine birn\u00e4\u00e7e \u00fdagda\u00fdlary\u0148 seb\u00e4p boldy.<br \/>\n\u201cH\u00f6k\u00fcmet sent\u00fdabr a\u00fdynda Birle\u015fen Milletler Guramasyny\u0148 Ba\u015f Assamble\u00fdasyny\u0148 mejlisinde bizi\u0148 \u00fdurdumyzy\u0148 Palestina d\u00f6wletini ykrar etmek barada karar kabul etdi. Bizi\u0148 pozisi\u00fdamyz \u00ddakyn G\u00fcndogarda dowamly parahat\u00e7ylygy gazanmak ugrundaky tagallalarymyzy g\u00f6rkez\u00fd\u00e4r\u201d di\u00fdip, Maltany\u0148 Prem\u00fder-ministri Robert Abela \u201cFacebook\u201d-daky akkaundynda \u00fdazdy.<\/p>\n","protected":false},"excerpt":{"rendered":"<p>Kanada we Malta sent\u00fdabr a\u00fdynda ge\u00e7iriljek BMG-ni\u0148 Ba\u015f Assamble\u00fdasyny\u0148 mejlisinde Palestina d\u00f6wletini ykrar etmegi me\u00fdille\u015fdir\u00fd\u00e4r. Bu barada Kanadany\u0148 Prem\u00fder-ministri Mark Karni we Maltany\u0148 Prem\u00fder-ministri Robert Abela m\u00e4lim etdi. Kanada so\u0148ky g\u00fcnlerde Palestina d\u00f6wletini ykrar etmek me\u00fdilnamasyny yglan eden G7-ni\u0148 \u00fc\u00e7\u00fcnji \u00fdurdy boldy. Ondan \u00f6\u0148 Fransi\u00fda we Be\u00fdik Britani\u00fda \u015fe\u00fdle \u00e4dimleri barada yglan edipdiler. Karnini\u0148 pikiri\u00e7e, [&hellip;]<\/p>\n","protected":false},"author":2,"featured_media":133694,"comment_status":"open","ping_status":"closed","sticky":false,"template":"","format":"standard","meta":{"footnotes":""},"categories":[5],"tags":[],"acf":[],"_links":{"self":[{"href":"https:\/\/zamanturkmenistan.com.tm\/index.php?rest_route=\/wp\/v2\/posts\/141804"}],"collection":[{"href":"https:\/\/zamanturkmenistan.com.tm\/index.php?rest_route=\/wp\/v2\/posts"}],"about":[{"href":"https:\/\/zamanturkmenistan.com.tm\/index.php?rest_route=\/wp\/v2\/types\/post"}],"author":[{"embeddable":true,"href":"https:\/\/zamanturkmenistan.com.tm\/index.php?rest_route=\/wp\/v2\/users\/2"}],"replies":[{"embeddable":true,"href":"https:\/\/zamanturkmenistan.com.tm\/index.php?rest_route=%2Fwp%2Fv2%2Fcomments&post=141804"}],"version-history":[{"count":1,"href":"https:\/\/zamanturkmenistan.com.tm\/index.php?rest_route=\/wp\/v2\/posts\/141804\/revisions"}],"predecessor-version":[{"id":141805,"href":"https:\/\/zamanturkmenistan.com.tm\/index.php?rest_route=\/wp\/v2\/posts\/141804\/revisions\/141805"}],"wp:featuredmedia":[{"embeddable":true,"href":"https:\/\/zamanturkmenistan.com.tm\/index.php?rest_route=\/wp\/v2\/media\/133694"}],"wp:attachment":[{"href":"https:\/\/zamanturkmenistan.com.tm\/index.php?rest_route=%2Fwp%2Fv2%2Fmedia&parent=141804"}],"wp:term":[{"taxonomy":"category","embeddable":true,"href":"https:\/\/zamanturkmenistan.com.tm\/index.php?rest_route=%2Fwp%2Fv2%2Fcategories&post=141804"},{"taxonomy":"post_tag","embeddable":true,"href":"https:\/\/zamanturkmenistan.com.tm\/index.php?rest_route=%2Fwp%2Fv2%2Ftags&post=141804"}],"curies":[{"name":"wp","href":"https:\/\/api.w.org\/{rel}","templated":true}]}}