{"id":142266,"date":"2025-08-05T09:21:25","date_gmt":"2025-08-05T04:21:25","guid":{"rendered":"https:\/\/zamanturkmenistan.com.tm\/?p=142266"},"modified":"2025-08-05T09:21:25","modified_gmt":"2025-08-05T04:21:25","slug":"turkmenistanyn-prezidenti-birlesen-milletler-guramasynyn-bas-sekretary-bilen-dususdy-2","status":"publish","type":"post","link":"https:\/\/zamanturkmenistan.com.tm\/?p=142266","title":{"rendered":"T\u00fcrkmenistany\u0148 Prezidenti Birle\u015fen Milletler Guramasyny\u0148 Ba\u015f sekretary bilen du\u015fu\u015fdy"},"content":{"rendered":"<p>4-nji awgustda \u201cAwaza\u201d milli sy\u00fdahat\u00e7ylyk zolagynda hormatly Prezidentimiz Serdar Berdimuhamedow BMG-ni\u0148 De\u0148ze \u00e7ykalgasy bolmadyk \u00f6s\u00fcp bar\u00fdan d\u00f6wletler bo\u00fdun\u00e7a \u00fc\u00e7\u00fcnji maslahatyna gatna\u015fmak \u00fc\u00e7in \u00fdurdumyza sapar bilen gelen Birle\u015fen Milletler Guramasyny\u0148 Ba\u015f sekretary Antoniu Guterri\u015f bilen du\u015fu\u015fdy.<\/p>\n<p>D\u00f6wlet Ba\u015ftutanymyz belent mertebeli myhmany t\u00fcrkmen topragynda m\u00fcb\u00e4rekl\u00e4p, Birle\u015fen Milletler Guramasyny\u0148 De\u0148ze \u00e7ykalgasy bolmadyk \u00f6s\u00fcp bar\u00fdan d\u00f6wletler bo\u00fdun\u00e7a \u00fc\u00e7\u00fcnji maslahatyna gatna\u015fmaga \u00e7akylygy kabul edendigi \u00fc\u00e7in minnetdarlygyny be\u00fdan etdi hem-de \u00abHyzmatda\u015flyk gatna\u015fyklaryny goldamak arkaly \u00f6s\u00fc\u015fe \u00fdardam bermek\u00bb \u015fygary bilen ge\u00e7\u00fd\u00e4n bu maslahaty\u0148 de\u0148ze \u00e7ykalgasy bolmadyk d\u00f6wletleri\u0148 b\u00e4hbidine 2024-nji \u00fdyly\u0148 dekabrynda kabul edilen Hereketleri\u0148 t\u00e4ze maksatnamasyny netijeli durmu\u015fa ge\u00e7irm\u00e4ge \u00fdardam berjekdigine ynam bildirdi.<\/p>\n<p>BMG-ni\u0148 Ba\u015f sekretary Antoniu Guterri\u015f t\u00fcrkmen topragynda m\u00e4hirli kabul edilendigi \u00fc\u00e7in t\u00fc\u00fds \u00fd\u00fcrekden ho\u015fallyk bildirip, \u00fdene-de T\u00fcrkmenistanda bol\u00fdandygyna \u00f6r\u00e4n \u015fatdygyny a\u00fdtdy. Myhman t\u00fcrkmen tarapyny\u0148 h\u00e4zirki d\u00f6wr\u00fc\u0148 m\u00f6h\u00fcm meselelerini \u00e7\u00f6zm\u00e4ge we uzak m\u00f6hletle\u00fdinlik, \u00f6zara hormat go\u00fdmak esasynda k\u00f6pugurly hyzmatda\u015flygy \u00fdola go\u00fdmaga i\u015fje\u0148 \u00e7emele\u015f\u00fd\u00e4ndigine \u00fdokary baha berip, parahat\u00e7ylyk d\u00f6redijiligi\u0148 uly tejribesini toplan T\u00fcrkmenistany\u0148 \u00e4hlumumy parahat\u00e7ylygy, howpsuzlygy, durnukly \u00f6s\u00fc\u015fi \u00fcpj\u00fcn etmek i\u015finde BMG-ni\u0148 m\u00f6h\u00fcm we strategik hyzmatda\u015fy h\u00f6km\u00fcnde \u00e7yky\u015f ed\u00fd\u00e4ndigini nygtady. \u015ee\u00fdle hem belent mertebeli myhman \u00fdurdumyzda BMG-ni\u0148 De\u0148ze \u00e7ykalgasy bolmadyk \u00f6s\u00fcp bar\u00fdan d\u00f6wletler bo\u00fdun\u00e7a \u00fc\u00e7\u00fcnji maslahatyny \u00fdokary gurama\u00e7ylyk derejesinde ge\u00e7irmek \u00fc\u00e7in d\u00f6redilen m\u00fcmkin\u00e7iliklere hem-de bu ugurda T\u00fcrkmenistany\u0148 tagallalaryna \u00fdokary baha berdi we munu\u0148 \u00fc\u00e7in d\u00f6wlet Ba\u015ftutanymyza BMG-ni\u0148 \u00e4hli wekillerini\u0148 adyndan ho\u015fallyk bildirdi.<\/p>\n<p>Hormatly Prezidentimiz BMG-ni\u0148 gi\u0148 gerimli maslahatyny\u0148 \u00fdokary gurama\u00e7ylykly ge\u00e7megi \u00fc\u00e7in t\u00fcrkmen tarapyny\u0148 mundan be\u00fdl\u00e4k-de \u00e4hli tagallalary etjekdigini bell\u00e4p, forumy\u0148 \u015fowly ge\u00e7megini arzuw etdi.<\/p>\n<p>D\u00f6wlet Ba\u015ftutanymyz T\u00fcrkmenistany\u0148 hemi\u015felik Bitaraplyk hukuk \u00fdagda\u00fdyna esaslanyp, parahat\u00e7ylyk s\u00f6\u00fd\u00fcjilikli da\u015fary sy\u00fdasaty durmu\u015fa ge\u00e7ir\u00fd\u00e4ndigini, d\u00fcn\u00fd\u00e4de parahat\u00e7ylygy, abadan\u00e7ylygy we durnukly \u00f6s\u00fc\u015fi \u00fcpj\u00fcn etmek bo\u00fdun\u00e7a gi\u0148 halkara hyzmatda\u015flygy alyp bar\u00fdandygyny a\u00fdtdy hem-de \u015funu\u0148 bilen baglylykda, \u00fdurdumyzy\u0148 Birle\u015fen Milletler Guramasy bilen \u00fdola go\u00fdlan hyzmatda\u015flygyny\u0148 hemi\u015fe strategik h\u00e4si\u00fdete e\u00fdedigini nygtady.<\/p>\n<p>Du\u015fu\u015fygy\u0148 dowamynda bellenili\u015fi \u00fdaly, 2025-nji \u00fdyl ikitarapla\u00fdyn hyzmatda\u015flygy\u0148 taryhynda \u00e4hmi\u00fdetli sene bolup dur\u00fdar. \u015eu \u00fdyl Birle\u015fen Milletler Guramasyny\u0148 d\u00f6redilmegine 80 \u00fdyl, T\u00fcrkmenistany\u0148 Bitaraplyk hukuk \u00fdagda\u00fdyna e\u00fde bolmagyna 30 \u00fdyl bol\u00fdar. \u015ee\u00fdle hem T\u00fcrkmenistany\u0148 ba\u015flangyjy bilen Birle\u015fen Milletler Guramasyny\u0148 Ba\u015f Assamble\u00fdasyny\u0148 Kararnamasyna la\u00fdyklykda, 2025-nji \u00fdyly\u0148 \u201cHalkara parahat\u00e7ylyk we ynany\u015fmak \u00fdyly\u201d di\u00fdlip yglan edilendigine \u00fcns \u00e7ekildi.<\/p>\n<p>Ine, \u015fu g\u00fcnler hem Hazar de\u0148zini\u0148 t\u00fcrkmen kenarynda Birle\u015fen Milletler Guramasyny\u0148 De\u0148ze \u00e7ykalgasy bolmadyk \u00f6s\u00fcp bar\u00fdan d\u00f6wletler bo\u00fdun\u00e7a \u00fc\u00e7\u00fcnji maslahaty ge\u00e7iril\u00fd\u00e4r. Bu \u00fdokary derejeli maslahaty\u0148 T\u00fcrkmenistanda ge\u00e7irilmegi bolsa hyzmatda\u015flygymyzy\u0148 gi\u0148eldilmegine a\u00fdratyn \u00e4hmi\u00fdet beril\u00fd\u00e4ndigini g\u00f6rkez\u00fd\u00e4r di\u00fdip, d\u00f6wlet Ba\u015ftutanymyz a\u00fdtdy.<\/p>\n<p>Bellenili\u015fi \u00fdaly, de\u0148ze \u00e7ykalgasy bolmadyk \u00f6s\u00fcp bar\u00fdan d\u00f6wletleri\u0148 \u00fd\u00fczbe-\u00fd\u00fcz bol\u00fdan meseleleri bo\u00fdun\u00e7a halkara hyzmatda\u015flygy \u00f6sd\u00fcrmek h\u00e4zirki d\u00f6w\u00fcrde m\u00f6h\u00fcm bolup dur\u00fdar. T\u00fcrkmenistan bu ugurda k\u00f6ptarapla\u00fdyn hyzmatda\u015flygy\u0148 we \u00f6zara sebit gatna\u015fyklaryny\u0148 has-da i\u015fje\u0148le\u015fdirilmegini golda\u00fdar. \u015eunu\u0148 bilen baglylykda, s\u00f6hbetde\u015fler \u00e4hli gyzyklanma bildir\u00fd\u00e4n taraplary\u0148 \u2013 h\u00f6k\u00fcmetleri\u0148, halkara guramalary\u0148, hususy pudagy\u0148, akademiki bilele\u015fikleri\u0148, ra\u00fdat jemgy\u00fdetini\u0148 gatna\u015fmagynda on \u00fdylda bir gezek ge\u00e7iril\u00fd\u00e4n bu m\u00f6h\u00fcm \u00e7\u00e4r\u00e4ni\u0148 d\u00fcn\u00fd\u00e4de durnukly \u00f6s\u00fc\u015fi gazanmakda, \u00f6zara arabaglany\u015fygy \u00fdola go\u00fdmakda we ulag ge\u00e7elgelerini d\u00f6retmekde m\u00f6h\u00fcm \u00e4dim boljakdygyna ynam bildirdiler.<\/p>\n<p>Du\u015fu\u015fygy\u0148 dowamynda hormatly Prezidentimiz T\u00fcrkmenistan bilen Birle\u015fen Milletler Guramasyny\u0148 arasyndaky hyzmatda\u015flygy \u00f6sd\u00fcrm\u00e4ge go\u015f\u00fdan go\u015fandy \u00fc\u00e7in Antoniu Guterri\u015fe t\u00fc\u00fds \u00fd\u00fcrekden minnetdarlyk bildirdi.<\/p>\n<p>Ba\u015f sekretar T\u00fcrkmenistany\u0148 BMG-ni\u0148 Durnukly \u00f6s\u00fc\u015f maksatlaryna \u00fdetmek bo\u00fdun\u00e7a gazan\u00fdan uly \u00fcst\u00fcnliklerini kanagatlanma bilen nygtap, tutu\u015f adamzady\u0148 abadan\u00e7ylygyny\u0148 b\u00e4hbidine \u00f6z parahat\u00e7ylyk d\u00f6redijilik m\u00fcmkin\u00e7iliklerinden netijeli pe\u00fddalanmagy maksat edin\u00fd\u00e4n t\u00fcrkmen tarapyny\u0148 m\u00f6h\u00fcm halkara ba\u015flangy\u00e7laryny\u0148 we k\u00f6pugurly i\u015fini\u0148 \u00e4hmi\u00fdetini a\u00fdratyn belledi.<\/p>\n<p>Du\u015fu\u015fygy\u0148 ahyrynda hormatly Prezidentimiz Serdar Berdimuhamedow hem-de Birle\u015fen Milletler Guramasyny\u0148 Ba\u015f sekretary Antoniu Guterri\u015f T\u00fcrkmenistan bilen BMG-ni\u0148 arasyndaky strategik dialogy\u0148 sebitde we d\u00fcn\u00fd\u00e4de parahat\u00e7ylygy hem-de durnukly \u00f6s\u00fc\u015fi pugtalandyrmaga mundan be\u00fdl\u00e4k-de \u00fdardam berjekdigine ynam bildirip, birek-birege i\u0148 gowy arzuwlaryny be\u00fdan etdiler.<\/p>\n","protected":false},"excerpt":{"rendered":"<p>4-nji awgustda \u201cAwaza\u201d milli sy\u00fdahat\u00e7ylyk zolagynda hormatly Prezidentimiz Serdar Berdimuhamedow BMG-ni\u0148 De\u0148ze \u00e7ykalgasy bolmadyk \u00f6s\u00fcp bar\u00fdan d\u00f6wletler bo\u00fdun\u00e7a \u00fc\u00e7\u00fcnji maslahatyna gatna\u015fmak \u00fc\u00e7in \u00fdurdumyza sapar bilen gelen Birle\u015fen Milletler Guramasyny\u0148 Ba\u015f sekretary Antoniu Guterri\u015f bilen du\u015fu\u015fdy. D\u00f6wlet Ba\u015ftutanymyz belent mertebeli myhmany t\u00fcrkmen topragynda m\u00fcb\u00e4rekl\u00e4p, Birle\u015fen Milletler Guramasyny\u0148 De\u0148ze \u00e7ykalgasy bolmadyk \u00f6s\u00fcp bar\u00fdan d\u00f6wletler bo\u00fdun\u00e7a \u00fc\u00e7\u00fcnji maslahatyna [&hellip;]<\/p>\n","protected":false},"author":2,"featured_media":142267,"comment_status":"open","ping_status":"closed","sticky":false,"template":"","format":"standard","meta":{"footnotes":""},"categories":[3],"tags":[],"acf":[],"_links":{"self":[{"href":"https:\/\/zamanturkmenistan.com.tm\/index.php?rest_route=\/wp\/v2\/posts\/142266"}],"collection":[{"href":"https:\/\/zamanturkmenistan.com.tm\/index.php?rest_route=\/wp\/v2\/posts"}],"about":[{"href":"https:\/\/zamanturkmenistan.com.tm\/index.php?rest_route=\/wp\/v2\/types\/post"}],"author":[{"embeddable":true,"href":"https:\/\/zamanturkmenistan.com.tm\/index.php?rest_route=\/wp\/v2\/users\/2"}],"replies":[{"embeddable":true,"href":"https:\/\/zamanturkmenistan.com.tm\/index.php?rest_route=%2Fwp%2Fv2%2Fcomments&post=142266"}],"version-history":[{"count":1,"href":"https:\/\/zamanturkmenistan.com.tm\/index.php?rest_route=\/wp\/v2\/posts\/142266\/revisions"}],"predecessor-version":[{"id":142268,"href":"https:\/\/zamanturkmenistan.com.tm\/index.php?rest_route=\/wp\/v2\/posts\/142266\/revisions\/142268"}],"wp:featuredmedia":[{"embeddable":true,"href":"https:\/\/zamanturkmenistan.com.tm\/index.php?rest_route=\/wp\/v2\/media\/142267"}],"wp:attachment":[{"href":"https:\/\/zamanturkmenistan.com.tm\/index.php?rest_route=%2Fwp%2Fv2%2Fmedia&parent=142266"}],"wp:term":[{"taxonomy":"category","embeddable":true,"href":"https:\/\/zamanturkmenistan.com.tm\/index.php?rest_route=%2Fwp%2Fv2%2Fcategories&post=142266"},{"taxonomy":"post_tag","embeddable":true,"href":"https:\/\/zamanturkmenistan.com.tm\/index.php?rest_route=%2Fwp%2Fv2%2Ftags&post=142266"}],"curies":[{"name":"wp","href":"https:\/\/api.w.org\/{rel}","templated":true}]}}