{"id":143444,"date":"2025-08-18T11:00:51","date_gmt":"2025-08-18T06:00:51","guid":{"rendered":"https:\/\/zamanturkmenistan.com.tm\/?p=143444"},"modified":"2025-08-18T14:48:05","modified_gmt":"2025-08-18T09:48:05","slug":"slowakiya-caga-doglusyna-goldaw-maksatnamasyny-ise-girizyar","status":"publish","type":"post","link":"https:\/\/zamanturkmenistan.com.tm\/?p=143444","title":{"rendered":"Slowaki\u00fda \u00e7aga doglu\u015fyna goldaw maksatnamasyny i\u015fe giriz\u00fd\u00e4r"},"content":{"rendered":"<p>Slowaki\u00fdada \u00e7aga doglu\u015f derejesini \u00fdokarlandyrmak we \u00fda\u015f ma\u015fgalalara goldaw bermek maksady bilen gi\u0148 gerimli d\u00f6wlet maksatnamasyna badalga berildi. Bu ba\u015flangy\u00e7 \u00e7aga d\u00fcn\u00fd\u00e4 inende mali\u00fde t\u00f6leglerini, \u00fda\u015fa\u00fdy\u015f ja\u00fd subsidi\u00fdalaryny we ene-atalar \u00fc\u00e7in salgyt \u00fde\u0148illiklerini g\u00f6z \u00f6\u0148\u00fcnde tut\u00fdar.<br \/>\nH\u00f6k\u00fcmet me\u00fdilnamasyna g\u00f6r\u00e4, ilkinji \u00e7agany\u0148 d\u00fcn\u00fd\u00e4 inen her ma\u015fgalasy bir gezekde 5 m\u00fc\u0148 \u00fdewro t\u00f6leg alar di\u00fdip, \u00fderli metbugatda a\u00fddyl\u00fdar. Ikinji we ondan so\u0148ky \u00e7agalary\u0148 d\u00fcn\u00fd\u00e4 inmegi bilen pulu\u0148 mukdary k\u00f6peler. \u015ee\u00fdle hem, \u00fde\u0148illikli ipoteka karzlary we uzaldylan dekret \u00fde\u0148illikleri hem girizil\u00fd\u00e4r.<br \/>\nSlowaki\u00fdany\u0148 Z\u00e4hmet we durmu\u015f meseleleri ministri bu \u00e7\u00e4releri\u0148 demografik pese ga\u00e7y\u015fy azaltmaga we ma\u015fgalalary\u0148 durmu\u015f derejesini \u00fdokarlandyrmak \u00fc\u00e7in \u015fertleri d\u00f6retm\u00e4ge g\u00f6n\u00fckdirilendigini a\u00fdtdy. Bu maksatnama b\u00e4\u015f \u00fdyl \u00fc\u00e7in ni\u00fdetlenip, onu\u0148 b\u00fdujeti 90 million \u00fdewrodan ge\u00e7\u00fd\u00e4r. H\u00fcn\u00e4rmenleri\u0148 pikiri\u00e7e, hemmetarapla\u00fdyn goldaw di\u0148e bir demografiki \u00fdagda\u00fdy gowula\u015fdyrman, e\u00fdsem ilaty\u0148 azal\u00fdan sebitlerinde ykdysady i\u015fje\u0148ligi \u00fdokarlandyrar.<\/p>\n","protected":false},"excerpt":{"rendered":"<p>Slowaki\u00fdada \u00e7aga doglu\u015f derejesini \u00fdokarlandyrmak we \u00fda\u015f ma\u015fgalalara goldaw bermek maksady bilen gi\u0148 gerimli d\u00f6wlet maksatnamasyna badalga berildi. Bu ba\u015flangy\u00e7 \u00e7aga d\u00fcn\u00fd\u00e4 inende mali\u00fde t\u00f6leglerini, \u00fda\u015fa\u00fdy\u015f ja\u00fd subsidi\u00fdalaryny we ene-atalar \u00fc\u00e7in salgyt \u00fde\u0148illiklerini g\u00f6z \u00f6\u0148\u00fcnde tut\u00fdar. H\u00f6k\u00fcmet me\u00fdilnamasyna g\u00f6r\u00e4, ilkinji \u00e7agany\u0148 d\u00fcn\u00fd\u00e4 inen her ma\u015fgalasy bir gezekde 5 m\u00fc\u0148 \u00fdewro t\u00f6leg alar di\u00fdip, \u00fderli metbugatda [&hellip;]<\/p>\n","protected":false},"author":2,"featured_media":105744,"comment_status":"open","ping_status":"closed","sticky":false,"template":"","format":"standard","meta":{"footnotes":""},"categories":[5],"tags":[],"acf":[],"_links":{"self":[{"href":"https:\/\/zamanturkmenistan.com.tm\/index.php?rest_route=\/wp\/v2\/posts\/143444"}],"collection":[{"href":"https:\/\/zamanturkmenistan.com.tm\/index.php?rest_route=\/wp\/v2\/posts"}],"about":[{"href":"https:\/\/zamanturkmenistan.com.tm\/index.php?rest_route=\/wp\/v2\/types\/post"}],"author":[{"embeddable":true,"href":"https:\/\/zamanturkmenistan.com.tm\/index.php?rest_route=\/wp\/v2\/users\/2"}],"replies":[{"embeddable":true,"href":"https:\/\/zamanturkmenistan.com.tm\/index.php?rest_route=%2Fwp%2Fv2%2Fcomments&post=143444"}],"version-history":[{"count":1,"href":"https:\/\/zamanturkmenistan.com.tm\/index.php?rest_route=\/wp\/v2\/posts\/143444\/revisions"}],"predecessor-version":[{"id":143445,"href":"https:\/\/zamanturkmenistan.com.tm\/index.php?rest_route=\/wp\/v2\/posts\/143444\/revisions\/143445"}],"wp:featuredmedia":[{"embeddable":true,"href":"https:\/\/zamanturkmenistan.com.tm\/index.php?rest_route=\/wp\/v2\/media\/105744"}],"wp:attachment":[{"href":"https:\/\/zamanturkmenistan.com.tm\/index.php?rest_route=%2Fwp%2Fv2%2Fmedia&parent=143444"}],"wp:term":[{"taxonomy":"category","embeddable":true,"href":"https:\/\/zamanturkmenistan.com.tm\/index.php?rest_route=%2Fwp%2Fv2%2Fcategories&post=143444"},{"taxonomy":"post_tag","embeddable":true,"href":"https:\/\/zamanturkmenistan.com.tm\/index.php?rest_route=%2Fwp%2Fv2%2Ftags&post=143444"}],"curies":[{"name":"wp","href":"https:\/\/api.w.org\/{rel}","templated":true}]}}