{"id":143453,"date":"2025-08-18T14:53:57","date_gmt":"2025-08-18T09:53:57","guid":{"rendered":"https:\/\/zamanturkmenistan.com.tm\/?p=143453"},"modified":"2025-08-18T14:53:57","modified_gmt":"2025-08-18T09:53:57","slug":"deryadan-700-yyllyk-gylyc-tapyldy","status":"publish","type":"post","link":"https:\/\/zamanturkmenistan.com.tm\/?p=143453","title":{"rendered":"Der\u00fdadan 700 \u00fdyllyk gyly\u00e7 tapyldy"},"content":{"rendered":"<p>Pol\u015fany\u0148 \u00e7\u00e4klerinden akyp ge\u00e7\u00fd\u00e4n Wisle der\u00fdasynda balyk tut\u00fdan bir adam, \u00fda\u015fy, takmynan, 700 \u00fdyl t\u00f6weregi bolan abat saklanyp galan gylyjy suwdan \u00e7ykardy. Bu barada \u00abFox News\u201d tele\u00fda\u00fdlymy habar berdi. Balyk\u00e7y tapyndyny derrew \u00fderli h\u00e4kimi\u00fdetlere tab\u015fyrdy, \u015fondan so\u0148 gyly\u00e7 medeni mirasy gorap saklamak bo\u00fdun\u00e7a h\u00fcn\u00e4rmenlere berildi. Artefakt h\u00e4zirki wagtda i\u00e7gin \u00f6wrenilip, geljekki sergiler \u00fc\u00e7in ta\u00fd\u00fdarlan\u00fdar.<br \/>\nBu gyly\u00e7 XIII \u00fda-da XIV asyra &#8211; War\u015fawany\u0148 \u00fda\u0148y bir \u015f\u00e4her\u00e7e h\u00f6km\u00fcnde kemala gelen d\u00f6wr\u00fcne degi\u015fli hasaplan\u00fdar. War\u015fawa \u015f\u00e4herind\u00e4ki \u00fdadyg\u00e4rlikleri goramak bo\u00fdun\u00e7a ba\u015f h\u00fcn\u00e4rmen Anna Magdalena Lan bu tapyndyny\u0148 h\u00e4zirki Pol\u015fany\u0148 pa\u00fdtagtyny\u0148 \u00e7\u00e4kleri \u00fc\u00e7in a\u00fdratyn \u00e4hmi\u00fdete e\u00fdedigini a\u00fdtdy.<br \/>\nGylyjy\u0148 uzynlygy 79 sm, tutawajynda d\u00fcrli h\u00e4si\u00fdetli elementler saklanyp galypdyr. Der\u00fdadan \u00e7ykarylan gylyja degi\u015fli ba\u015fga artefaktlar tapylmady. Bu onu\u0148 gelip \u00e7yky\u015fyny we taryhyny kesgitlemegi kynla\u015fdyr\u00fdar.<\/p>\n","protected":false},"excerpt":{"rendered":"<p>Pol\u015fany\u0148 \u00e7\u00e4klerinden akyp ge\u00e7\u00fd\u00e4n Wisle der\u00fdasynda balyk tut\u00fdan bir adam, \u00fda\u015fy, takmynan, 700 \u00fdyl t\u00f6weregi bolan abat saklanyp galan gylyjy suwdan \u00e7ykardy. Bu barada \u00abFox News\u201d tele\u00fda\u00fdlymy habar berdi. Balyk\u00e7y tapyndyny derrew \u00fderli h\u00e4kimi\u00fdetlere tab\u015fyrdy, \u015fondan so\u0148 gyly\u00e7 medeni mirasy gorap saklamak bo\u00fdun\u00e7a h\u00fcn\u00e4rmenlere berildi. Artefakt h\u00e4zirki wagtda i\u00e7gin \u00f6wrenilip, geljekki sergiler \u00fc\u00e7in ta\u00fd\u00fdarlan\u00fdar. Bu [&hellip;]<\/p>\n","protected":false},"author":2,"featured_media":143455,"comment_status":"open","ping_status":"closed","sticky":false,"template":"","format":"standard","meta":{"footnotes":""},"categories":[5],"tags":[],"acf":[],"_links":{"self":[{"href":"https:\/\/zamanturkmenistan.com.tm\/index.php?rest_route=\/wp\/v2\/posts\/143453"}],"collection":[{"href":"https:\/\/zamanturkmenistan.com.tm\/index.php?rest_route=\/wp\/v2\/posts"}],"about":[{"href":"https:\/\/zamanturkmenistan.com.tm\/index.php?rest_route=\/wp\/v2\/types\/post"}],"author":[{"embeddable":true,"href":"https:\/\/zamanturkmenistan.com.tm\/index.php?rest_route=\/wp\/v2\/users\/2"}],"replies":[{"embeddable":true,"href":"https:\/\/zamanturkmenistan.com.tm\/index.php?rest_route=%2Fwp%2Fv2%2Fcomments&post=143453"}],"version-history":[{"count":1,"href":"https:\/\/zamanturkmenistan.com.tm\/index.php?rest_route=\/wp\/v2\/posts\/143453\/revisions"}],"predecessor-version":[{"id":143456,"href":"https:\/\/zamanturkmenistan.com.tm\/index.php?rest_route=\/wp\/v2\/posts\/143453\/revisions\/143456"}],"wp:featuredmedia":[{"embeddable":true,"href":"https:\/\/zamanturkmenistan.com.tm\/index.php?rest_route=\/wp\/v2\/media\/143455"}],"wp:attachment":[{"href":"https:\/\/zamanturkmenistan.com.tm\/index.php?rest_route=%2Fwp%2Fv2%2Fmedia&parent=143453"}],"wp:term":[{"taxonomy":"category","embeddable":true,"href":"https:\/\/zamanturkmenistan.com.tm\/index.php?rest_route=%2Fwp%2Fv2%2Fcategories&post=143453"},{"taxonomy":"post_tag","embeddable":true,"href":"https:\/\/zamanturkmenistan.com.tm\/index.php?rest_route=%2Fwp%2Fv2%2Ftags&post=143453"}],"curies":[{"name":"wp","href":"https:\/\/api.w.org\/{rel}","templated":true}]}}