{"id":144384,"date":"2025-08-29T10:04:26","date_gmt":"2025-08-29T05:04:26","guid":{"rendered":"https:\/\/zamanturkmenistan.com.tm\/?p=144384"},"modified":"2025-08-29T10:04:26","modified_gmt":"2025-08-29T05:04:26","slug":"174-parasyutcy-rekord-goydy","status":"publish","type":"post","link":"https:\/\/zamanturkmenistan.com.tm\/?p=144384","title":{"rendered":"174 para\u015f\u00fdut\u00e7y rekord go\u00fddy"},"content":{"rendered":"<p>\u00c7i\u00adka\u00adgo\u00adda 174 t\u00fcr\u00adgen pa\u00adra\u015f\u00ad\u00fdut\u00addan dik\u00adli\u00adgi\u00adne b\u00f6k\u00admek\u00adde re\u00adkord go\u00fd\u00addu\u00adlar. T\u00fcr\u00adgen\u00adler La\u00adSal\u00adle ok\u00adru\u00adgyn\u00adda as\u00adma\u00adna g\u00f6terilip, 10 \u00fdyl ozal 164 adam bi\u00adlen go\u00fd\u00adlan re\u00adkor\u00addy t\u00e4\u00adze\u00adle\u00addi\u00adler. T\u00fcr\u00adgen\u00adler b\u00f6k\u00fc\u015fi ama\u00adla a\u015fyr\u00admak \u00fc\u00e7in 5 g\u00fcn\u00adl\u00e4p kyn ho\u00adwa \u015fert\u00adle\u00adri\u00adni\u0148 d\u00fc\u00adzel\u00adme\u00adgi\u00adne ga\u00adra\u015f\u00addy\u00adlar. Re\u00adkord go\u00fd\u00adma\u00adga 53 \u00fdurt\u00addan t\u00fcr\u00adgen\u00adler gat\u00adna\u015f\u00addy. \u00abSky\u00addive Oran\u00adge\u00bb klu\u00adbu\u00adny\u0148 pre\u00adzi\u00adden\u00adti Mo\u00adni\u00adka Non\u00ad\u00e7e\u00adwa bu sy\u00adna\u00adny\u00ad\u015fy\u00adgy et\u00admek \u00fc\u00e7in 2 \u00fdyl t\u00f6\u00adwe\u00adre\u00adgi t\u00fcr\u00adgen\u00adle\u00ad\u015fen\u00addik\u00adle\u00adri\u00adni a\u00fdt\u00addy. T\u00fcr\u00adgen\u00adler u\u00e7ar\u00addan a\u015fak b\u00f6\u00adken\u00adden so\u0148\u00adra, as\u00adman\u00adda bi\u00adle\u00adlik\u00adde d\u00fcr\u00adli he\u00adre\u00adket\u00adle\u00adri hem \u00fde\u00adri\u00adne \u00fde\u00adtir\u00addi\u00adler. To\u00adpar re\u00adkor\u00addy \u00fde\u00adne-de t\u00e4\u00adze\u00adle\u00adme\u00adgi mak\u00adsat edin\u00ad\u00fd\u00e4r.<br \/>\nBu ugur\u00adda\u00adky mun\u00addan ozal\u00adky re\u00adkord 2015-nji \u00fdyl\u00adda 164 sa\u00adny t\u00fcr\u00adge\u00adni\u0148 gat\u00adna\u015f\u00adma\u00adgyn\u00adda ama\u00adla a\u015fy\u00adry\u00adlyp\u00addy. To\u00adpar 2018-nji we 2022-nji \u00fdyl\u00adlar\u00adda hem re\u00adkord go\u00fd\u00adma\u00adga sy\u00adna\u00adny\u015f\u00addy, em\u00adma ho\u00adwa \u015fert\u00adle\u00adri amat\u00adly d\u00e4l\u00addi.<\/p>\n<p style=\"text-align: right;\">Bahar ATA\u00ddEWA,<br \/>\nT\u00fcrkmen d\u00f6wlet medeni\u00fdet institutyny\u0148 uly mugallymy.<\/p>\n","protected":false},"excerpt":{"rendered":"<p>\u00c7i\u00adka\u00adgo\u00adda 174 t\u00fcr\u00adgen pa\u00adra\u015f\u00ad\u00fdut\u00addan dik\u00adli\u00adgi\u00adne b\u00f6k\u00admek\u00adde re\u00adkord go\u00fd\u00addu\u00adlar. T\u00fcr\u00adgen\u00adler La\u00adSal\u00adle ok\u00adru\u00adgyn\u00adda as\u00adma\u00adna g\u00f6terilip, 10 \u00fdyl ozal 164 adam bi\u00adlen go\u00fd\u00adlan re\u00adkor\u00addy t\u00e4\u00adze\u00adle\u00addi\u00adler. T\u00fcr\u00adgen\u00adler b\u00f6k\u00fc\u015fi ama\u00adla a\u015fyr\u00admak \u00fc\u00e7in 5 g\u00fcn\u00adl\u00e4p kyn ho\u00adwa \u015fert\u00adle\u00adri\u00adni\u0148 d\u00fc\u00adzel\u00adme\u00adgi\u00adne ga\u00adra\u015f\u00addy\u00adlar. Re\u00adkord go\u00fd\u00adma\u00adga 53 \u00fdurt\u00addan t\u00fcr\u00adgen\u00adler gat\u00adna\u015f\u00addy. \u00abSky\u00addive Oran\u00adge\u00bb klu\u00adbu\u00adny\u0148 pre\u00adzi\u00adden\u00adti Mo\u00adni\u00adka Non\u00ad\u00e7e\u00adwa bu sy\u00adna\u00adny\u00ad\u015fy\u00adgy et\u00admek \u00fc\u00e7in 2 \u00fdyl t\u00f6\u00adwe\u00adre\u00adgi t\u00fcr\u00adgen\u00adle\u00ad\u015fen\u00addik\u00adle\u00adri\u00adni a\u00fdt\u00addy. [&hellip;]<\/p>\n","protected":false},"author":2,"featured_media":144385,"comment_status":"open","ping_status":"closed","sticky":false,"template":"","format":"standard","meta":{"footnotes":""},"categories":[5],"tags":[],"acf":[],"_links":{"self":[{"href":"https:\/\/zamanturkmenistan.com.tm\/index.php?rest_route=\/wp\/v2\/posts\/144384"}],"collection":[{"href":"https:\/\/zamanturkmenistan.com.tm\/index.php?rest_route=\/wp\/v2\/posts"}],"about":[{"href":"https:\/\/zamanturkmenistan.com.tm\/index.php?rest_route=\/wp\/v2\/types\/post"}],"author":[{"embeddable":true,"href":"https:\/\/zamanturkmenistan.com.tm\/index.php?rest_route=\/wp\/v2\/users\/2"}],"replies":[{"embeddable":true,"href":"https:\/\/zamanturkmenistan.com.tm\/index.php?rest_route=%2Fwp%2Fv2%2Fcomments&post=144384"}],"version-history":[{"count":1,"href":"https:\/\/zamanturkmenistan.com.tm\/index.php?rest_route=\/wp\/v2\/posts\/144384\/revisions"}],"predecessor-version":[{"id":144386,"href":"https:\/\/zamanturkmenistan.com.tm\/index.php?rest_route=\/wp\/v2\/posts\/144384\/revisions\/144386"}],"wp:featuredmedia":[{"embeddable":true,"href":"https:\/\/zamanturkmenistan.com.tm\/index.php?rest_route=\/wp\/v2\/media\/144385"}],"wp:attachment":[{"href":"https:\/\/zamanturkmenistan.com.tm\/index.php?rest_route=%2Fwp%2Fv2%2Fmedia&parent=144384"}],"wp:term":[{"taxonomy":"category","embeddable":true,"href":"https:\/\/zamanturkmenistan.com.tm\/index.php?rest_route=%2Fwp%2Fv2%2Fcategories&post=144384"},{"taxonomy":"post_tag","embeddable":true,"href":"https:\/\/zamanturkmenistan.com.tm\/index.php?rest_route=%2Fwp%2Fv2%2Ftags&post=144384"}],"curies":[{"name":"wp","href":"https:\/\/api.w.org\/{rel}","templated":true}]}}