{"id":144392,"date":"2025-08-29T11:07:59","date_gmt":"2025-08-29T06:07:59","guid":{"rendered":"https:\/\/zamanturkmenistan.com.tm\/?p=144392"},"modified":"2025-08-29T11:07:59","modified_gmt":"2025-08-29T06:07:59","slug":"turkmenistan-azerbayjan-we-ozbegistan-bilelikdaki-lomay-paylayys-merkezlerinin-ulgamyny-doreder","status":"publish","type":"post","link":"https:\/\/zamanturkmenistan.com.tm\/?p=144392","title":{"rendered":"T\u00fcrkmenistan, Azerba\u00fdjan we \u00d6zbegistan bilelikd\u00e4ki loma\u00fd-pa\u00fdla\u00fdy\u015f merkezlerini\u0148 ulgamyny d\u00f6reder"},"content":{"rendered":"<p>Azerba\u00fdjan, \u00d6zbegistan we T\u00fcrkmenistan durnukly s\u00f6wda-logistika zynjyrlaryny \u00f6sd\u00fcrmek maksady bilen bilelikd\u00e4ki loma\u00fd-pa\u00fdla\u00fdy\u015f merkezlerini\u0148 ulgamyny d\u00f6retmegi me\u00fdille\u015fdir\u00fd\u00e4rler. Bu barada \u00d6zbegistan Respublikasyny\u0148 Ma\u00fda go\u00fdumlar we da\u015fary s\u00f6wda ministri Laziz Kudratow 22-nji awgustda Awazada ge\u00e7irilen \u201cT\u00fcrkmenistan\u2013Azerba\u00fdjan\u2013\u00d6zbegistan\u201d \u00fc\u00e7tarapla\u00fdyn du\u015fu\u015fygyny\u0148 \u00e7\u00e4klerinde \u201c\u00d6zbegistan-24\u201d (\u00abO\u02bbzbekiston 24\u00bb) tele\u00fda\u00fdlymyna beren interw\u00fdusynda m\u00e4lim etdi.<\/p>\n<p>So\u0148ky \u00fdyllarda \u00d6zbegistany\u0148 T\u00fcrkmenistan we Azerba\u00fdjan bilen ykdysady gatna\u015fyklary i\u015fje\u0148 \u00f6sd\u00fcril\u00fd\u00e4r. \u00d6zbegistany\u0148 iki \u00fdurt bilen hem s\u00f6wda dolan\u015fygyny\u0148 iki esse artmagy we onu\u0148 takmynan 40 g\u00f6terimini senagat \u00f6n\u00fcmlerini\u0148 d\u00fczmegi, ykdysady hyzmatda\u015flygy\u0148 \u00fdokary depginde \u00f6s\u00fd\u00e4ndigini g\u00f6rkez\u00fd\u00e4r.<\/p>\n","protected":false},"excerpt":{"rendered":"<p>Azerba\u00fdjan, \u00d6zbegistan we T\u00fcrkmenistan durnukly s\u00f6wda-logistika zynjyrlaryny \u00f6sd\u00fcrmek maksady bilen bilelikd\u00e4ki loma\u00fd-pa\u00fdla\u00fdy\u015f merkezlerini\u0148 ulgamyny d\u00f6retmegi me\u00fdille\u015fdir\u00fd\u00e4rler. Bu barada \u00d6zbegistan Respublikasyny\u0148 Ma\u00fda go\u00fdumlar we da\u015fary s\u00f6wda ministri Laziz Kudratow 22-nji awgustda Awazada ge\u00e7irilen \u201cT\u00fcrkmenistan\u2013Azerba\u00fdjan\u2013\u00d6zbegistan\u201d \u00fc\u00e7tarapla\u00fdyn du\u015fu\u015fygyny\u0148 \u00e7\u00e4klerinde \u201c\u00d6zbegistan-24\u201d (\u00abO\u02bbzbekiston 24\u00bb) tele\u00fda\u00fdlymyna beren interw\u00fdusynda m\u00e4lim etdi. So\u0148ky \u00fdyllarda \u00d6zbegistany\u0148 T\u00fcrkmenistan we Azerba\u00fdjan bilen ykdysady gatna\u015fyklary i\u015fje\u0148 \u00f6sd\u00fcril\u00fd\u00e4r. [&hellip;]<\/p>\n","protected":false},"author":2,"featured_media":95257,"comment_status":"open","ping_status":"closed","sticky":false,"template":"","format":"standard","meta":{"footnotes":""},"categories":[3],"tags":[],"acf":[],"_links":{"self":[{"href":"https:\/\/zamanturkmenistan.com.tm\/index.php?rest_route=\/wp\/v2\/posts\/144392"}],"collection":[{"href":"https:\/\/zamanturkmenistan.com.tm\/index.php?rest_route=\/wp\/v2\/posts"}],"about":[{"href":"https:\/\/zamanturkmenistan.com.tm\/index.php?rest_route=\/wp\/v2\/types\/post"}],"author":[{"embeddable":true,"href":"https:\/\/zamanturkmenistan.com.tm\/index.php?rest_route=\/wp\/v2\/users\/2"}],"replies":[{"embeddable":true,"href":"https:\/\/zamanturkmenistan.com.tm\/index.php?rest_route=%2Fwp%2Fv2%2Fcomments&post=144392"}],"version-history":[{"count":1,"href":"https:\/\/zamanturkmenistan.com.tm\/index.php?rest_route=\/wp\/v2\/posts\/144392\/revisions"}],"predecessor-version":[{"id":144393,"href":"https:\/\/zamanturkmenistan.com.tm\/index.php?rest_route=\/wp\/v2\/posts\/144392\/revisions\/144393"}],"wp:featuredmedia":[{"embeddable":true,"href":"https:\/\/zamanturkmenistan.com.tm\/index.php?rest_route=\/wp\/v2\/media\/95257"}],"wp:attachment":[{"href":"https:\/\/zamanturkmenistan.com.tm\/index.php?rest_route=%2Fwp%2Fv2%2Fmedia&parent=144392"}],"wp:term":[{"taxonomy":"category","embeddable":true,"href":"https:\/\/zamanturkmenistan.com.tm\/index.php?rest_route=%2Fwp%2Fv2%2Fcategories&post=144392"},{"taxonomy":"post_tag","embeddable":true,"href":"https:\/\/zamanturkmenistan.com.tm\/index.php?rest_route=%2Fwp%2Fv2%2Ftags&post=144392"}],"curies":[{"name":"wp","href":"https:\/\/api.w.org\/{rel}","templated":true}]}}