{"id":145123,"date":"2025-09-05T10:20:59","date_gmt":"2025-09-05T05:20:59","guid":{"rendered":"https:\/\/zamanturkmenistan.com.tm\/?p=145123"},"modified":"2025-09-05T10:20:59","modified_gmt":"2025-09-05T05:20:59","slug":"ucyan-ulagyn-synag-ucusy-baslady","status":"publish","type":"post","link":"https:\/\/zamanturkmenistan.com.tm\/?p=145123","title":{"rendered":"U\u00e7\u00fdan ulagy\u0148 synag u\u00e7u\u015fy ba\u015flady"},"content":{"rendered":"<p>Uzak wagt\u00addan b\u00e4\u00adri u\u00e7\u00ad\u00fdan aw\u00adtou\u00adlag\u00adla\u00adry\u0148 \u00fcs\u00adt\u00fcn\u00adde i\u015f\u00adle\u00adnil\u00ad\u00fd\u00e4r. H\u00e4\u00adzir\u00adki wagt\u00adda u\u00e7\u00ad\u00fdan ki\u00ad\u00e7i g\u00f6w\u00adr\u00fcm\u00adli ulag\u00adlar\u00addan pe\u00fd\u00adda\u00adla\u00adnyl\u00ad\u00fdan hem bol\u00adsa, ada\u00adty ma\u00ad\u015fy\u00adny\u0148 u\u00e7\u00ad\u00fdan g\u00f6r\u00adn\u00fc\u00ad\u015fi \u00fdok. In\u00addi bol\u00adsa, ame\u00adri\u00adkan i\u015fe\u00adw\u00fc\u00adri Ilon Mas\u00adky\u0148 ma\u00adli\u00ad\u00fde\u00adle\u015f\u00addir\u00ad\u00fd\u00e4n tas\u00adla\u00adma\u00adsy\u00adny\u0148 \u00e7\u00e4k\u00adle\u00adrin\u00adde u\u00e7\u00ad\u00fdan ula\u00adgy\u0148 sy\u00adna\u00adgy \u00fdo\u00adla go\u00ad\u00fdul\u00addy. Ulag ga\u00adnat\u00adla\u00adry\u00adny a\u00e7\u00admaz\u00addan 170 ki\u00adlo\u00admetr ara\u00adly\u00adgy u\u00e7up ge\u00ad\u00e7ip bil\u00ad\u00fd\u00e4r. Ula\u00adgy\u0148 ba\u00adha\u00adsy\u00adny\u0148 300 m\u00fc\u0148 ame\u00adri\u00adkan dol\u00adla\u00adry\u00addy\u00adgy m\u00e4\u00adlim edil\u00addi. U\u00e7a\u00adry i\u015f\u00adl\u00e4p ta\u00fd\u00ad\u00fdar\u00adla\u00ad\u00fdan AB\u015e-ny\u0148 Ka\u00adli\u00adfor\u00adni\u00ad\u00fda \u015fta\u00adtyn\u00adda\u00adky San Ma\u00adteo \u015f\u00e4\u00adhe\u00adrin\u00add\u00e4\u00adki \u00abAlef\u00bb kom\u00adpa\u00adni\u00ad\u00fda\u00adsy iki ae\u00adro\u00adport bi\u00adlen sy\u00adnag u\u00e7u\u015f\u00adla\u00adry\u00adny ama\u00adla a\u015fyr\u00admak \u00fc\u00e7in \u015fert\u00adna\u00adma bag\u00adla\u015f\u00addy. Ula\u00adgy\u0148 da\u00ad\u015fyn\u00addan g\u00f6\u00adr\u00fcn\u00ad\u00fd\u00e4n hi\u00e7 hi\u00adli ga\u00adna\u00adty \u00fdok. Ada\u00adty \u00fdol\u00adlar\u00adda s\u00fc\u00adr\u00fcp bol\u00ad\u00fdan ulag dik\u00adli\u00adgi\u00adne u\u00e7up hem go\u00adnup bil\u00ad\u00fd\u00e4r.<\/p>\n","protected":false},"excerpt":{"rendered":"<p>Uzak wagt\u00addan b\u00e4\u00adri u\u00e7\u00ad\u00fdan aw\u00adtou\u00adlag\u00adla\u00adry\u0148 \u00fcs\u00adt\u00fcn\u00adde i\u015f\u00adle\u00adnil\u00ad\u00fd\u00e4r. H\u00e4\u00adzir\u00adki wagt\u00adda u\u00e7\u00ad\u00fdan ki\u00ad\u00e7i g\u00f6w\u00adr\u00fcm\u00adli ulag\u00adlar\u00addan pe\u00fd\u00adda\u00adla\u00adnyl\u00ad\u00fdan hem bol\u00adsa, ada\u00adty ma\u00ad\u015fy\u00adny\u0148 u\u00e7\u00ad\u00fdan g\u00f6r\u00adn\u00fc\u00ad\u015fi \u00fdok. In\u00addi bol\u00adsa, ame\u00adri\u00adkan i\u015fe\u00adw\u00fc\u00adri Ilon Mas\u00adky\u0148 ma\u00adli\u00ad\u00fde\u00adle\u015f\u00addir\u00ad\u00fd\u00e4n tas\u00adla\u00adma\u00adsy\u00adny\u0148 \u00e7\u00e4k\u00adle\u00adrin\u00adde u\u00e7\u00ad\u00fdan ula\u00adgy\u0148 sy\u00adna\u00adgy \u00fdo\u00adla go\u00ad\u00fdul\u00addy. Ulag ga\u00adnat\u00adla\u00adry\u00adny a\u00e7\u00admaz\u00addan 170 ki\u00adlo\u00admetr ara\u00adly\u00adgy u\u00e7up ge\u00ad\u00e7ip bil\u00ad\u00fd\u00e4r. Ula\u00adgy\u0148 ba\u00adha\u00adsy\u00adny\u0148 300 m\u00fc\u0148 ame\u00adri\u00adkan dol\u00adla\u00adry\u00addy\u00adgy m\u00e4\u00adlim edil\u00addi. U\u00e7a\u00adry i\u015f\u00adl\u00e4p ta\u00fd\u00ad\u00fdar\u00adla\u00ad\u00fdan [&hellip;]<\/p>\n","protected":false},"author":2,"featured_media":66467,"comment_status":"open","ping_status":"closed","sticky":false,"template":"","format":"standard","meta":{"footnotes":""},"categories":[8],"tags":[],"acf":[],"_links":{"self":[{"href":"https:\/\/zamanturkmenistan.com.tm\/index.php?rest_route=\/wp\/v2\/posts\/145123"}],"collection":[{"href":"https:\/\/zamanturkmenistan.com.tm\/index.php?rest_route=\/wp\/v2\/posts"}],"about":[{"href":"https:\/\/zamanturkmenistan.com.tm\/index.php?rest_route=\/wp\/v2\/types\/post"}],"author":[{"embeddable":true,"href":"https:\/\/zamanturkmenistan.com.tm\/index.php?rest_route=\/wp\/v2\/users\/2"}],"replies":[{"embeddable":true,"href":"https:\/\/zamanturkmenistan.com.tm\/index.php?rest_route=%2Fwp%2Fv2%2Fcomments&post=145123"}],"version-history":[{"count":1,"href":"https:\/\/zamanturkmenistan.com.tm\/index.php?rest_route=\/wp\/v2\/posts\/145123\/revisions"}],"predecessor-version":[{"id":145124,"href":"https:\/\/zamanturkmenistan.com.tm\/index.php?rest_route=\/wp\/v2\/posts\/145123\/revisions\/145124"}],"wp:featuredmedia":[{"embeddable":true,"href":"https:\/\/zamanturkmenistan.com.tm\/index.php?rest_route=\/wp\/v2\/media\/66467"}],"wp:attachment":[{"href":"https:\/\/zamanturkmenistan.com.tm\/index.php?rest_route=%2Fwp%2Fv2%2Fmedia&parent=145123"}],"wp:term":[{"taxonomy":"category","embeddable":true,"href":"https:\/\/zamanturkmenistan.com.tm\/index.php?rest_route=%2Fwp%2Fv2%2Fcategories&post=145123"},{"taxonomy":"post_tag","embeddable":true,"href":"https:\/\/zamanturkmenistan.com.tm\/index.php?rest_route=%2Fwp%2Fv2%2Ftags&post=145123"}],"curies":[{"name":"wp","href":"https:\/\/api.w.org\/{rel}","templated":true}]}}