{"id":145263,"date":"2025-09-06T11:26:49","date_gmt":"2025-09-06T06:26:49","guid":{"rendered":"https:\/\/zamanturkmenistan.com.tm\/?p=145263"},"modified":"2025-09-06T11:26:49","modified_gmt":"2025-09-06T06:26:49","slug":"turkmenistanyn-gyzyl-yarymay-milli-jemgyyeti-russiyanyn-we-kataryn-ugurdas-jemgyyetleri-bilen-ahtnama-gol-cekisdi","status":"publish","type":"post","link":"https:\/\/zamanturkmenistan.com.tm\/?p=145263","title":{"rendered":"T\u00fcrkmenistany\u0148 Gyzyl \u00ddaryma\u00fd milli jemgy\u00fdeti Russi\u00fdany\u0148 we Katary\u0148 ugurda\u015f jemgy\u00fdetleri bilen \u00c4htnama gol \u00e7eki\u015fdi"},"content":{"rendered":"<p>5-nji sent\u00fdabrda A\u015fgabatda GDA \u00fdurtlaryny\u0148 Gyzyl Ha\u00e7 we Gyzyl \u00ddaryma\u00fd milli jemgy\u00fdetlerini\u0148 \u00fdolba\u015f\u00e7ylaryny\u0148 du\u015fu\u015fygy boldy.<\/p>\n<p>\u00c7\u00e4r\u00e4ni\u0148 dowamynda GDA \u00fdurtlarynda bar bolan h\u00e4zirki zaman ynsanperwer meseleler we olary \u00e7\u00f6zmegi\u0148 \u00fdollary, d\u00f6wlet d\u00fcz\u00fcmleri bilen hyzmatda\u015flyk tejribesi hem-de milli jemgy\u00fdetleri\u0148 \u00f6z m\u00fcmkin\u00e7iliklerini \u00f6sd\u00fcrmek baradaky meseleler ara alnyp maslahatla\u015fyldy.<br \/>\n\u015ee\u00fdle hem du\u015fu\u015fykda milli jemgy\u00fdetleri\u0148 me\u00fdletin\u00e7ilik hereketini \u00f6sd\u00fcrmekde we girdeji getir\u00fd\u00e4n i\u015fje\u0148likleri \u00fdola go\u00fdmakdaky tejribeleri ara alnyp maslahatla\u015fyldy. Milli jemgy\u00fdetleri\u0148 wekilleri \u00f6z tejribeleri bilen pa\u00fdla\u015fdylar, pikir aly\u015fdylar we bu ugurlarda tekliplerini be\u00fdan etdiler di\u00fdip, \u00abT\u00fcrkmenportal\u00bb habar ber\u00fd\u00e4r.<\/p>\n<p><img decoding=\"async\" loading=\"lazy\" class=\"aligncenter wp-image-145265 size-full\" src=\"https:\/\/zamanturkmenistan.com.tm\/wp-content\/uploads\/2025\/09\/turkmenistan-gyzyl-yarymay-red-crescend.jpg\" alt=\"\" width=\"861\" height=\"494\" srcset=\"https:\/\/zamanturkmenistan.com.tm\/wp-content\/uploads\/2025\/09\/turkmenistan-gyzyl-yarymay-red-crescend.jpg 861w, https:\/\/zamanturkmenistan.com.tm\/wp-content\/uploads\/2025\/09\/turkmenistan-gyzyl-yarymay-red-crescend-300x172.jpg 300w, https:\/\/zamanturkmenistan.com.tm\/wp-content\/uploads\/2025\/09\/turkmenistan-gyzyl-yarymay-red-crescend-768x441.jpg 768w, https:\/\/zamanturkmenistan.com.tm\/wp-content\/uploads\/2025\/09\/turkmenistan-gyzyl-yarymay-red-crescend-431x247.jpg 431w, https:\/\/zamanturkmenistan.com.tm\/wp-content\/uploads\/2025\/09\/turkmenistan-gyzyl-yarymay-red-crescend-216x124.jpg 216w, https:\/\/zamanturkmenistan.com.tm\/wp-content\/uploads\/2025\/09\/turkmenistan-gyzyl-yarymay-red-crescend-696x399.jpg 696w, https:\/\/zamanturkmenistan.com.tm\/wp-content\/uploads\/2025\/09\/turkmenistan-gyzyl-yarymay-red-crescend-732x420.jpg 732w\" sizes=\"(max-width: 861px) 100vw, 861px\" \/><br \/>\nDu\u015fu\u015fygy\u0148 \u00e7\u00e4klerinde T\u00fcrkmenistany\u0148 Gyzyl \u00ddaryma\u00fd milli jemgy\u00fdeti (TG\u00ddMJ) Russi\u00fdany\u0148 Gyzyl Ha\u00e7 jemgy\u00fdeti we Katary\u0148 Gyzyl \u00ddaryma\u00fd jemgy\u00fdeti bilen hyzmatda\u015flyk bo\u00fdun\u00e7a \u00c4htnamalara gol \u00e7ekdi.<br \/>\n\u00c4htnamalara gol \u00e7ekmek dabarasyndan so\u0148 du\u015fu\u015fygy\u0148 jemleri bo\u00fdun\u00e7a pikir al\u015fyldy. Du\u015fu\u015fygy\u0148 ahyrynda gatna\u015fyjylar her bir adamy\u0148 durmu\u015fyny, saglygyny we mertebesini goramak ugrunda parahat\u00e7ylygy, ynamy we ra\u00fdda\u015flygy berkitmek isleglerini \u00f6z\u00fcnde jemle\u00fd\u00e4n Jarnamany kabul etdiler.<\/p>\n","protected":false},"excerpt":{"rendered":"<p>5-nji sent\u00fdabrda A\u015fgabatda GDA \u00fdurtlaryny\u0148 Gyzyl Ha\u00e7 we Gyzyl \u00ddaryma\u00fd milli jemgy\u00fdetlerini\u0148 \u00fdolba\u015f\u00e7ylaryny\u0148 du\u015fu\u015fygy boldy. \u00c7\u00e4r\u00e4ni\u0148 dowamynda GDA \u00fdurtlarynda bar bolan h\u00e4zirki zaman ynsanperwer meseleler we olary \u00e7\u00f6zmegi\u0148 \u00fdollary, d\u00f6wlet d\u00fcz\u00fcmleri bilen hyzmatda\u015flyk tejribesi hem-de milli jemgy\u00fdetleri\u0148 \u00f6z m\u00fcmkin\u00e7iliklerini \u00f6sd\u00fcrmek baradaky meseleler ara alnyp maslahatla\u015fyldy. \u015ee\u00fdle hem du\u015fu\u015fykda milli jemgy\u00fdetleri\u0148 me\u00fdletin\u00e7ilik hereketini \u00f6sd\u00fcrmekde we girdeji [&hellip;]<\/p>\n","protected":false},"author":2,"featured_media":145264,"comment_status":"open","ping_status":"closed","sticky":false,"template":"","format":"standard","meta":{"footnotes":""},"categories":[3],"tags":[],"acf":[],"_links":{"self":[{"href":"https:\/\/zamanturkmenistan.com.tm\/index.php?rest_route=\/wp\/v2\/posts\/145263"}],"collection":[{"href":"https:\/\/zamanturkmenistan.com.tm\/index.php?rest_route=\/wp\/v2\/posts"}],"about":[{"href":"https:\/\/zamanturkmenistan.com.tm\/index.php?rest_route=\/wp\/v2\/types\/post"}],"author":[{"embeddable":true,"href":"https:\/\/zamanturkmenistan.com.tm\/index.php?rest_route=\/wp\/v2\/users\/2"}],"replies":[{"embeddable":true,"href":"https:\/\/zamanturkmenistan.com.tm\/index.php?rest_route=%2Fwp%2Fv2%2Fcomments&post=145263"}],"version-history":[{"count":1,"href":"https:\/\/zamanturkmenistan.com.tm\/index.php?rest_route=\/wp\/v2\/posts\/145263\/revisions"}],"predecessor-version":[{"id":145266,"href":"https:\/\/zamanturkmenistan.com.tm\/index.php?rest_route=\/wp\/v2\/posts\/145263\/revisions\/145266"}],"wp:featuredmedia":[{"embeddable":true,"href":"https:\/\/zamanturkmenistan.com.tm\/index.php?rest_route=\/wp\/v2\/media\/145264"}],"wp:attachment":[{"href":"https:\/\/zamanturkmenistan.com.tm\/index.php?rest_route=%2Fwp%2Fv2%2Fmedia&parent=145263"}],"wp:term":[{"taxonomy":"category","embeddable":true,"href":"https:\/\/zamanturkmenistan.com.tm\/index.php?rest_route=%2Fwp%2Fv2%2Fcategories&post=145263"},{"taxonomy":"post_tag","embeddable":true,"href":"https:\/\/zamanturkmenistan.com.tm\/index.php?rest_route=%2Fwp%2Fv2%2Ftags&post=145263"}],"curies":[{"name":"wp","href":"https:\/\/api.w.org\/{rel}","templated":true}]}}