{"id":145270,"date":"2025-09-06T11:34:32","date_gmt":"2025-09-06T06:34:32","guid":{"rendered":"https:\/\/zamanturkmenistan.com.tm\/?p=145270"},"modified":"2025-09-06T14:14:03","modified_gmt":"2025-09-06T09:14:03","slug":"italiyan-modasynyn-gornukli-wekili-jorjio-armani-aradan-cykdy","status":"publish","type":"post","link":"https:\/\/zamanturkmenistan.com.tm\/?p=145270","title":{"rendered":"Itali\u00fdan modasyny\u0148 g\u00f6rn\u00fckli wekili Jorjio Armani aradan \u00e7ykdy"},"content":{"rendered":"<p>4-nji sent\u00fdabrda Ital\u00fdan modasyny\u0148 g\u00f6rn\u00fckli wekili Jorjo Armani uzaga \u00e7eken keselden so\u0148 91 \u00fda\u015fyny\u0148 i\u00e7inde aradan \u00e7ykdy.<br \/>\nJorjo Armani 1975-nji \u00fdylda moda \u00f6\u00fd\u00fcni esaslandyrdy. Ol so\u0148ky \u00fdyllarda \u00e7yky\u015flara gatna\u015fyp bilm\u00e4nso\u0148 i\u015fini \u00f6\u00fd\u00fcnden dolandyr\u00fdardy.<br \/>\nOl 28-nji sent\u00fdabrda kar\u00fderasyny\u0148 50 \u00fdyllygyny bellemek maksady bilen Milanda \u00fd\u00f6rite g\u00f6rkezili\u015f ta\u00fd\u00fdarla\u00fdardy.<\/p>\n","protected":false},"excerpt":{"rendered":"<p>4-nji sent\u00fdabrda Ital\u00fdan modasyny\u0148 g\u00f6rn\u00fckli wekili Jorjo Armani uzaga \u00e7eken keselden so\u0148 91 \u00fda\u015fyny\u0148 i\u00e7inde aradan \u00e7ykdy. Jorjo Armani 1975-nji \u00fdylda moda \u00f6\u00fd\u00fcni esaslandyrdy. Ol so\u0148ky \u00fdyllarda \u00e7yky\u015flara gatna\u015fyp bilm\u00e4nso\u0148 i\u015fini \u00f6\u00fd\u00fcnden dolandyr\u00fdardy. Ol 28-nji sent\u00fdabrda kar\u00fderasyny\u0148 50 \u00fdyllygyny bellemek maksady bilen Milanda \u00fd\u00f6rite g\u00f6rkezili\u015f ta\u00fd\u00fdarla\u00fdardy.<\/p>\n","protected":false},"author":2,"featured_media":145201,"comment_status":"open","ping_status":"closed","sticky":false,"template":"","format":"standard","meta":{"footnotes":""},"categories":[5],"tags":[],"acf":[],"_links":{"self":[{"href":"https:\/\/zamanturkmenistan.com.tm\/index.php?rest_route=\/wp\/v2\/posts\/145270"}],"collection":[{"href":"https:\/\/zamanturkmenistan.com.tm\/index.php?rest_route=\/wp\/v2\/posts"}],"about":[{"href":"https:\/\/zamanturkmenistan.com.tm\/index.php?rest_route=\/wp\/v2\/types\/post"}],"author":[{"embeddable":true,"href":"https:\/\/zamanturkmenistan.com.tm\/index.php?rest_route=\/wp\/v2\/users\/2"}],"replies":[{"embeddable":true,"href":"https:\/\/zamanturkmenistan.com.tm\/index.php?rest_route=%2Fwp%2Fv2%2Fcomments&post=145270"}],"version-history":[{"count":2,"href":"https:\/\/zamanturkmenistan.com.tm\/index.php?rest_route=\/wp\/v2\/posts\/145270\/revisions"}],"predecessor-version":[{"id":145324,"href":"https:\/\/zamanturkmenistan.com.tm\/index.php?rest_route=\/wp\/v2\/posts\/145270\/revisions\/145324"}],"wp:featuredmedia":[{"embeddable":true,"href":"https:\/\/zamanturkmenistan.com.tm\/index.php?rest_route=\/wp\/v2\/media\/145201"}],"wp:attachment":[{"href":"https:\/\/zamanturkmenistan.com.tm\/index.php?rest_route=%2Fwp%2Fv2%2Fmedia&parent=145270"}],"wp:term":[{"taxonomy":"category","embeddable":true,"href":"https:\/\/zamanturkmenistan.com.tm\/index.php?rest_route=%2Fwp%2Fv2%2Fcategories&post=145270"},{"taxonomy":"post_tag","embeddable":true,"href":"https:\/\/zamanturkmenistan.com.tm\/index.php?rest_route=%2Fwp%2Fv2%2Ftags&post=145270"}],"curies":[{"name":"wp","href":"https:\/\/api.w.org\/{rel}","templated":true}]}}