{"id":145374,"date":"2025-09-08T12:02:06","date_gmt":"2025-09-08T07:02:06","guid":{"rendered":"https:\/\/zamanturkmenistan.com.tm\/?p=145374"},"modified":"2025-09-08T12:02:06","modified_gmt":"2025-09-08T07:02:06","slug":"yaponiyanyn-premyer-ministri-wezipesinden-cekilmekci","status":"publish","type":"post","link":"https:\/\/zamanturkmenistan.com.tm\/?p=145374","title":{"rendered":"\u00ddaponi\u00fdany\u0148 Prem\u00fder-ministri wezipesinden \u00e7ekilmek\u00e7i"},"content":{"rendered":"<p>\u00ddaponi\u00fdany\u0148 Prem\u00fder-ministri Sigeru Isiba wezipesinden \u00e7ekilmegi ni\u00fdet edin\u00fd\u00e4r di\u00fdip, TASS habarlar agentligi NHK tele\u00fda\u00fdlymyna salgylanyp habar berdi.<br \/>\nPrem\u00fder-ministr \u00f6z\u00fcni\u0148 \u00fdolba\u015f\u00e7ylyk ed\u00fd\u00e4n dolandyryjy liberal demokratik parti\u00fdasyny\u0148 (LDP) b\u00f6l\u00fcnmeginden ga\u00e7a durmak maksady bilen \u015fe\u00fdle karara geldi.<br \/>\n\u015eu g\u00fcn, LDP-ni\u0148 \u00e4hli wekillerini\u0148 we sebitd\u00e4ki parti\u00fda guramalaryny\u0148 wekillerini\u0148 arasynda parti\u00fdany\u0148 ba\u015flygyny sa\u00fdlamak \u00fc\u00e7in m\u00f6hletinden \u00f6\u0148ki sa\u00fdlawlary guramak meselesi bo\u00fdun\u00e7a ge\u00e7irilen pikir soraly\u015fyklary\u0148 netijeleri jemlener. I\u00fdul a\u00fdynda ge\u00e7irilen parlament sa\u00fdlawlary \u015fowsuz tamamlanandan so\u0148, parti\u00fdany\u0148 agzalaryny\u0148 k\u00f6p\u00fcsi Isibany\u0148 i\u015finden \u00e7ekilmegine \u00e7agyry\u015f etdiler.<\/p>\n","protected":false},"excerpt":{"rendered":"<p>\u00ddaponi\u00fdany\u0148 Prem\u00fder-ministri Sigeru Isiba wezipesinden \u00e7ekilmegi ni\u00fdet edin\u00fd\u00e4r di\u00fdip, TASS habarlar agentligi NHK tele\u00fda\u00fdlymyna salgylanyp habar berdi. Prem\u00fder-ministr \u00f6z\u00fcni\u0148 \u00fdolba\u015f\u00e7ylyk ed\u00fd\u00e4n dolandyryjy liberal demokratik parti\u00fdasyny\u0148 (LDP) b\u00f6l\u00fcnmeginden ga\u00e7a durmak maksady bilen \u015fe\u00fdle karara geldi. \u015eu g\u00fcn, LDP-ni\u0148 \u00e4hli wekillerini\u0148 we sebitd\u00e4ki parti\u00fda guramalaryny\u0148 wekillerini\u0148 arasynda parti\u00fdany\u0148 ba\u015flygyny sa\u00fdlamak \u00fc\u00e7in m\u00f6hletinden \u00f6\u0148ki sa\u00fdlawlary guramak meselesi bo\u00fdun\u00e7a [&hellip;]<\/p>\n","protected":false},"author":2,"featured_media":141071,"comment_status":"open","ping_status":"closed","sticky":false,"template":"","format":"standard","meta":{"footnotes":""},"categories":[5],"tags":[],"acf":[],"_links":{"self":[{"href":"https:\/\/zamanturkmenistan.com.tm\/index.php?rest_route=\/wp\/v2\/posts\/145374"}],"collection":[{"href":"https:\/\/zamanturkmenistan.com.tm\/index.php?rest_route=\/wp\/v2\/posts"}],"about":[{"href":"https:\/\/zamanturkmenistan.com.tm\/index.php?rest_route=\/wp\/v2\/types\/post"}],"author":[{"embeddable":true,"href":"https:\/\/zamanturkmenistan.com.tm\/index.php?rest_route=\/wp\/v2\/users\/2"}],"replies":[{"embeddable":true,"href":"https:\/\/zamanturkmenistan.com.tm\/index.php?rest_route=%2Fwp%2Fv2%2Fcomments&post=145374"}],"version-history":[{"count":1,"href":"https:\/\/zamanturkmenistan.com.tm\/index.php?rest_route=\/wp\/v2\/posts\/145374\/revisions"}],"predecessor-version":[{"id":145375,"href":"https:\/\/zamanturkmenistan.com.tm\/index.php?rest_route=\/wp\/v2\/posts\/145374\/revisions\/145375"}],"wp:featuredmedia":[{"embeddable":true,"href":"https:\/\/zamanturkmenistan.com.tm\/index.php?rest_route=\/wp\/v2\/media\/141071"}],"wp:attachment":[{"href":"https:\/\/zamanturkmenistan.com.tm\/index.php?rest_route=%2Fwp%2Fv2%2Fmedia&parent=145374"}],"wp:term":[{"taxonomy":"category","embeddable":true,"href":"https:\/\/zamanturkmenistan.com.tm\/index.php?rest_route=%2Fwp%2Fv2%2Fcategories&post=145374"},{"taxonomy":"post_tag","embeddable":true,"href":"https:\/\/zamanturkmenistan.com.tm\/index.php?rest_route=%2Fwp%2Fv2%2Ftags&post=145374"}],"curies":[{"name":"wp","href":"https:\/\/api.w.org\/{rel}","templated":true}]}}