{"id":145383,"date":"2025-09-08T12:11:41","date_gmt":"2025-09-08T07:11:41","guid":{"rendered":"https:\/\/zamanturkmenistan.com.tm\/?p=145383"},"modified":"2025-09-08T12:11:41","modified_gmt":"2025-09-08T07:11:41","slug":"bmg-nin-edaralarynyn-2026-2030-njy-yyllara-niyetlenen-turkmenistan-ucin-yurt-maksatnamalary-tassyklandy","status":"publish","type":"post","link":"https:\/\/zamanturkmenistan.com.tm\/?p=145383","title":{"rendered":"BMG-ni\u0148 edaralaryny\u0148 2026-2030-njy \u00fdyllara ni\u00fdetlenen T\u00fcrkmenistan \u00fc\u00e7in \u00fdurt maksatnamalary tassyklandy"},"content":{"rendered":"<p>25-nji awgustdan 5-nji sent\u00fdabry aralygynda N\u00fdu-\u00ddork \u015f\u00e4herinde BMG-ni\u0148 \u00d6s\u00fc\u015f Maksatnamasyny\u0148 (BMG\u00d6M), Ilat gaznasyny\u0148 (UNFPA) we \u00c7agalar gaznasyny\u0148 (\u00ddUNISEF) \u00fderine \u00fdetiriji ge\u0148e\u015flerini\u0148 ikinji yzygiderli mejlisleri ge\u00e7irildi.<br \/>\nMejlisleri\u0148 netijeleri bo\u00fdun\u00e7a 2026\u20132030-njy \u00fdyllara ni\u00fdetlenen T\u00fcrkmenistan \u00fc\u00e7in \u00fdurt bo\u00fdun\u00e7a maksatnamala\u00fdyn resminamalar tassyklanyldy.<br \/>\nBu maksatnamalary\u0148 konsepsi\u00fdalary t\u00fcrkmen tarapy bilen bilelikde i\u015flenip ta\u00fd\u00fdarlanyldy.<br \/>\nResminamalara la\u00fdyklykda, indiki b\u00e4\u015f \u00fdylda BMG\u00d6M-i\u0148, \u00ddUNISEF-i\u0148 we UNFPA-ny\u0148 T\u00fcrkmenistandaky wekilhanalary bilen hyzmatda\u015flykda degi\u015fli ugurlar bo\u00fdun\u00e7a taslamalar we \u00e7\u00e4reler amala a\u015fyrylar.<\/p>\n","protected":false},"excerpt":{"rendered":"<p>25-nji awgustdan 5-nji sent\u00fdabry aralygynda N\u00fdu-\u00ddork \u015f\u00e4herinde BMG-ni\u0148 \u00d6s\u00fc\u015f Maksatnamasyny\u0148 (BMG\u00d6M), Ilat gaznasyny\u0148 (UNFPA) we \u00c7agalar gaznasyny\u0148 (\u00ddUNISEF) \u00fderine \u00fdetiriji ge\u0148e\u015flerini\u0148 ikinji yzygiderli mejlisleri ge\u00e7irildi. Mejlisleri\u0148 netijeleri bo\u00fdun\u00e7a 2026\u20132030-njy \u00fdyllara ni\u00fdetlenen T\u00fcrkmenistan \u00fc\u00e7in \u00fdurt bo\u00fdun\u00e7a maksatnamala\u00fdyn resminamalar tassyklanyldy. Bu maksatnamalary\u0148 konsepsi\u00fdalary t\u00fcrkmen tarapy bilen bilelikde i\u015flenip ta\u00fd\u00fdarlanyldy. Resminamalara la\u00fdyklykda, indiki b\u00e4\u015f \u00fdylda BMG\u00d6M-i\u0148, \u00ddUNISEF-i\u0148 we [&hellip;]<\/p>\n","protected":false},"author":2,"featured_media":134079,"comment_status":"open","ping_status":"closed","sticky":false,"template":"","format":"standard","meta":{"footnotes":""},"categories":[3],"tags":[],"acf":[],"_links":{"self":[{"href":"https:\/\/zamanturkmenistan.com.tm\/index.php?rest_route=\/wp\/v2\/posts\/145383"}],"collection":[{"href":"https:\/\/zamanturkmenistan.com.tm\/index.php?rest_route=\/wp\/v2\/posts"}],"about":[{"href":"https:\/\/zamanturkmenistan.com.tm\/index.php?rest_route=\/wp\/v2\/types\/post"}],"author":[{"embeddable":true,"href":"https:\/\/zamanturkmenistan.com.tm\/index.php?rest_route=\/wp\/v2\/users\/2"}],"replies":[{"embeddable":true,"href":"https:\/\/zamanturkmenistan.com.tm\/index.php?rest_route=%2Fwp%2Fv2%2Fcomments&post=145383"}],"version-history":[{"count":1,"href":"https:\/\/zamanturkmenistan.com.tm\/index.php?rest_route=\/wp\/v2\/posts\/145383\/revisions"}],"predecessor-version":[{"id":145384,"href":"https:\/\/zamanturkmenistan.com.tm\/index.php?rest_route=\/wp\/v2\/posts\/145383\/revisions\/145384"}],"wp:featuredmedia":[{"embeddable":true,"href":"https:\/\/zamanturkmenistan.com.tm\/index.php?rest_route=\/wp\/v2\/media\/134079"}],"wp:attachment":[{"href":"https:\/\/zamanturkmenistan.com.tm\/index.php?rest_route=%2Fwp%2Fv2%2Fmedia&parent=145383"}],"wp:term":[{"taxonomy":"category","embeddable":true,"href":"https:\/\/zamanturkmenistan.com.tm\/index.php?rest_route=%2Fwp%2Fv2%2Fcategories&post=145383"},{"taxonomy":"post_tag","embeddable":true,"href":"https:\/\/zamanturkmenistan.com.tm\/index.php?rest_route=%2Fwp%2Fv2%2Ftags&post=145383"}],"curies":[{"name":"wp","href":"https:\/\/api.w.org\/{rel}","templated":true}]}}