{"id":146309,"date":"2025-09-18T08:11:29","date_gmt":"2025-09-18T03:11:29","guid":{"rendered":"https:\/\/zamanturkmenistan.com.tm\/?p=146309"},"modified":"2025-09-18T08:11:29","modified_gmt":"2025-09-18T03:11:29","slug":"arkadag-saherinde-taze-yasayys-jaylaryn-acylys-dabarasy-boldy","status":"publish","type":"post","link":"https:\/\/zamanturkmenistan.com.tm\/?p=146309","title":{"rendered":"Arkadag \u015f\u00e4herinde t\u00e4ze \u00fda\u015fa\u00fdy\u015f ja\u00fdlary\u0148 a\u00e7yly\u015f dabarasy boldy"},"content":{"rendered":"<p>16-njy sent\u00fdabrda Arkadag \u015f\u00e4herinde \u00fdetip gel\u00fd\u00e4n be\u00fdik ba\u00fdram\u00e7ylyk \u2013 T\u00fcrkmenistany\u0148 Gara\u015fsyzlygyny\u0148 34 \u00fdyllygy mynasybetli aja\u00fdyp \u00fda\u015fa\u00fdy\u015f ja\u00fdlary\u0148 \u00f6\u00fdlerini\u0148 a\u00e7arlaryny\u0148 gow\u015furyly\u015f dabarasy ge\u00e7irildi.<br \/>\nDabarada \u00e7yky\u015f edenler \u015fe\u00fdle guwan\u00e7ly pursatlary\u0148 Berkarar d\u00f6wleti\u0148 t\u00e4ze e\u00fd\u00fdamyny\u0148 Galkyny\u015fy d\u00f6wr\u00fcnde Gahryman Arkadagymyzy\u0148 we Arkadagly Gahryman Serdarymyzy\u0148 tagallalary bilen m\u00fcmkin bolup, munu\u0148 ilaty\u0148 abadan\u00e7ylyk derejesini\u0148 \u00fdokarlanmagy hakyndaky aladany\u0148 d\u00f6wlet sy\u00fdasatyny\u0148 ileri tutul\u00fdan ugurlaryny\u0148 netijesidigini bellediler.<br \/>\nT\u00e4ze \u00f6\u00fdleri\u0148 bagty\u00fdar e\u00fdeleri \u00fdurdumyzy\u0148 ra\u00fdatlaryny\u0148 \u00fda\u015fa\u00fdy\u015f-durmu\u015f \u015fertlerini\u0148 gowulanmagyna yzygiderli \u00fcns ber\u00fd\u00e4ndikleri \u00fc\u00e7in hormatly Prezidentimiz Serdar Berdimuhamedowa we T\u00fcrkmen halkyny\u0148 Milli Lideri, Gahryman Arkadagymyz Gurbanguly Berdimuhamedowa \u00e7u\u0148\u0148ur ho\u015fallyklaryny be\u00fdan etdiler we berk jan saglyk, egsilmez g\u00fc\u00fd\u00e7-kuwwat hem-de halkymyzy\u0148, Watanymyzy\u0148 abadan\u00e7ylygy\u0148 b\u00e4hbidine alyp bar\u00fdan i\u015flerinde mundan be\u00fdl\u00e4k-de uly \u00fcst\u00fcnlikleri arzuw etdiler.<\/p>\n","protected":false},"excerpt":{"rendered":"<p>16-njy sent\u00fdabrda Arkadag \u015f\u00e4herinde \u00fdetip gel\u00fd\u00e4n be\u00fdik ba\u00fdram\u00e7ylyk \u2013 T\u00fcrkmenistany\u0148 Gara\u015fsyzlygyny\u0148 34 \u00fdyllygy mynasybetli aja\u00fdyp \u00fda\u015fa\u00fdy\u015f ja\u00fdlary\u0148 \u00f6\u00fdlerini\u0148 a\u00e7arlaryny\u0148 gow\u015furyly\u015f dabarasy ge\u00e7irildi. Dabarada \u00e7yky\u015f edenler \u015fe\u00fdle guwan\u00e7ly pursatlary\u0148 Berkarar d\u00f6wleti\u0148 t\u00e4ze e\u00fd\u00fdamyny\u0148 Galkyny\u015fy d\u00f6wr\u00fcnde Gahryman Arkadagymyzy\u0148 we Arkadagly Gahryman Serdarymyzy\u0148 tagallalary bilen m\u00fcmkin bolup, munu\u0148 ilaty\u0148 abadan\u00e7ylyk derejesini\u0148 \u00fdokarlanmagy hakyndaky aladany\u0148 d\u00f6wlet sy\u00fdasatyny\u0148 ileri tutul\u00fdan [&hellip;]<\/p>\n","protected":false},"author":2,"featured_media":146310,"comment_status":"open","ping_status":"closed","sticky":false,"template":"","format":"standard","meta":{"footnotes":""},"categories":[3],"tags":[],"acf":[],"_links":{"self":[{"href":"https:\/\/zamanturkmenistan.com.tm\/index.php?rest_route=\/wp\/v2\/posts\/146309"}],"collection":[{"href":"https:\/\/zamanturkmenistan.com.tm\/index.php?rest_route=\/wp\/v2\/posts"}],"about":[{"href":"https:\/\/zamanturkmenistan.com.tm\/index.php?rest_route=\/wp\/v2\/types\/post"}],"author":[{"embeddable":true,"href":"https:\/\/zamanturkmenistan.com.tm\/index.php?rest_route=\/wp\/v2\/users\/2"}],"replies":[{"embeddable":true,"href":"https:\/\/zamanturkmenistan.com.tm\/index.php?rest_route=%2Fwp%2Fv2%2Fcomments&post=146309"}],"version-history":[{"count":1,"href":"https:\/\/zamanturkmenistan.com.tm\/index.php?rest_route=\/wp\/v2\/posts\/146309\/revisions"}],"predecessor-version":[{"id":146311,"href":"https:\/\/zamanturkmenistan.com.tm\/index.php?rest_route=\/wp\/v2\/posts\/146309\/revisions\/146311"}],"wp:featuredmedia":[{"embeddable":true,"href":"https:\/\/zamanturkmenistan.com.tm\/index.php?rest_route=\/wp\/v2\/media\/146310"}],"wp:attachment":[{"href":"https:\/\/zamanturkmenistan.com.tm\/index.php?rest_route=%2Fwp%2Fv2%2Fmedia&parent=146309"}],"wp:term":[{"taxonomy":"category","embeddable":true,"href":"https:\/\/zamanturkmenistan.com.tm\/index.php?rest_route=%2Fwp%2Fv2%2Fcategories&post=146309"},{"taxonomy":"post_tag","embeddable":true,"href":"https:\/\/zamanturkmenistan.com.tm\/index.php?rest_route=%2Fwp%2Fv2%2Ftags&post=146309"}],"curies":[{"name":"wp","href":"https:\/\/api.w.org\/{rel}","templated":true}]}}