{"id":146315,"date":"2025-09-18T08:36:11","date_gmt":"2025-09-18T03:36:11","guid":{"rendered":"https:\/\/zamanturkmenistan.com.tm\/?p=146315"},"modified":"2025-09-18T08:36:11","modified_gmt":"2025-09-18T03:36:11","slug":"turkmenistanyn-dim-de-turkiye-respublikasynyn-ilcisi-bilen-dususyk-gecirildi","status":"publish","type":"post","link":"https:\/\/zamanturkmenistan.com.tm\/?p=146315","title":{"rendered":"T\u00fcrkmenistany\u0148 DIM-de T\u00fcrki\u00fde Respublikasyny\u0148 Il\u00e7isi bilen du\u015fu\u015fyk ge\u00e7irildi"},"content":{"rendered":"<p>17-nji sent\u00fdabrda T\u00fcrkmenistany\u0148 Da\u015fary i\u015fler ministrini\u0148 orunbasary M\u00e4hri B\u00e4\u015fimowany\u0148 T\u00fcrki\u00fde Respublikasyny\u0148 T\u00fcrkmenistandaky Adatdan da\u015fary we Doly ygty\u00fdarly Il\u00e7isi Ahmet Demirok bilen du\u015fu\u015fygy ge\u00e7irildi.<br \/>\nDu\u015fu\u015fygy\u0148 dowamynda taraplar t\u00fcrkmen-t\u00fcrk g\u00fcn tertibini\u0148 ileri tutul\u00fdan ugurlaryna garadylar. Diplomatlar hyzmatda\u015flygy\u0148 \u00f6zara gyzyklanma bildiril\u00fd\u00e4n wajyp meselelerini ara alyp maslahatla\u015fdylar.<br \/>\nHalkara d\u00fcz\u00fcmleri\u0148 \u00e7\u00e4klerind\u00e4ki iki \u00fdurdu\u0148 \u00f6zara gatna\u015fyklaryna a\u00fdratyn \u00fcns berildi. Hususan-da, taraplar maddy d\u00e4l medeni mirasy gorap saklamak we d\u00fcn\u00fd\u00e4 \u00fda\u00fdmak maksady bilen \u00ddUNESKO-ny\u0148 \u00e7\u00e4klerinde bilelikd\u00e4ki i\u015fi\u0148 \u00e4hmi\u00fdetini bellediler.<\/p>\n","protected":false},"excerpt":{"rendered":"<p>17-nji sent\u00fdabrda T\u00fcrkmenistany\u0148 Da\u015fary i\u015fler ministrini\u0148 orunbasary M\u00e4hri B\u00e4\u015fimowany\u0148 T\u00fcrki\u00fde Respublikasyny\u0148 T\u00fcrkmenistandaky Adatdan da\u015fary we Doly ygty\u00fdarly Il\u00e7isi Ahmet Demirok bilen du\u015fu\u015fygy ge\u00e7irildi. Du\u015fu\u015fygy\u0148 dowamynda taraplar t\u00fcrkmen-t\u00fcrk g\u00fcn tertibini\u0148 ileri tutul\u00fdan ugurlaryna garadylar. Diplomatlar hyzmatda\u015flygy\u0148 \u00f6zara gyzyklanma bildiril\u00fd\u00e4n wajyp meselelerini ara alyp maslahatla\u015fdylar. Halkara d\u00fcz\u00fcmleri\u0148 \u00e7\u00e4klerind\u00e4ki iki \u00fdurdu\u0148 \u00f6zara gatna\u015fyklaryna a\u00fdratyn \u00fcns berildi. Hususan-da, taraplar [&hellip;]<\/p>\n","protected":false},"author":2,"featured_media":146316,"comment_status":"open","ping_status":"closed","sticky":false,"template":"","format":"standard","meta":{"footnotes":""},"categories":[3],"tags":[],"acf":[],"_links":{"self":[{"href":"https:\/\/zamanturkmenistan.com.tm\/index.php?rest_route=\/wp\/v2\/posts\/146315"}],"collection":[{"href":"https:\/\/zamanturkmenistan.com.tm\/index.php?rest_route=\/wp\/v2\/posts"}],"about":[{"href":"https:\/\/zamanturkmenistan.com.tm\/index.php?rest_route=\/wp\/v2\/types\/post"}],"author":[{"embeddable":true,"href":"https:\/\/zamanturkmenistan.com.tm\/index.php?rest_route=\/wp\/v2\/users\/2"}],"replies":[{"embeddable":true,"href":"https:\/\/zamanturkmenistan.com.tm\/index.php?rest_route=%2Fwp%2Fv2%2Fcomments&post=146315"}],"version-history":[{"count":1,"href":"https:\/\/zamanturkmenistan.com.tm\/index.php?rest_route=\/wp\/v2\/posts\/146315\/revisions"}],"predecessor-version":[{"id":146317,"href":"https:\/\/zamanturkmenistan.com.tm\/index.php?rest_route=\/wp\/v2\/posts\/146315\/revisions\/146317"}],"wp:featuredmedia":[{"embeddable":true,"href":"https:\/\/zamanturkmenistan.com.tm\/index.php?rest_route=\/wp\/v2\/media\/146316"}],"wp:attachment":[{"href":"https:\/\/zamanturkmenistan.com.tm\/index.php?rest_route=%2Fwp%2Fv2%2Fmedia&parent=146315"}],"wp:term":[{"taxonomy":"category","embeddable":true,"href":"https:\/\/zamanturkmenistan.com.tm\/index.php?rest_route=%2Fwp%2Fv2%2Fcategories&post=146315"},{"taxonomy":"post_tag","embeddable":true,"href":"https:\/\/zamanturkmenistan.com.tm\/index.php?rest_route=%2Fwp%2Fv2%2Ftags&post=146315"}],"curies":[{"name":"wp","href":"https:\/\/api.w.org\/{rel}","templated":true}]}}