{"id":146321,"date":"2025-09-18T09:43:30","date_gmt":"2025-09-18T04:43:30","guid":{"rendered":"https:\/\/zamanturkmenistan.com.tm\/?p=146321"},"modified":"2025-09-18T09:43:30","modified_gmt":"2025-09-18T04:43:30","slug":"su-gun-turkmenistanyn-maya-goyum-forumy-oz-isine-baslayar","status":"publish","type":"post","link":"https:\/\/zamanturkmenistan.com.tm\/?p=146321","title":{"rendered":"\u015eu g\u00fcn T\u00fcrkmenistany\u0148 ma\u00fda go\u00fdum forumy \u00f6z i\u015fine ba\u015fla\u00fdar"},"content":{"rendered":"<p>18-19-njy sent\u00fdabrda Awazada T\u00fcrkmenistany\u0148 ma\u00fda go\u00fdum forumy (TIF 2025) ge\u00e7iril\u00fd\u00e4r. 17-nji sent\u00fdabrda A\u015fgabatda \u00fdokary derejeli ikitarapla\u00fdyn (B2G) geple\u015fikleri hem \u00f6z i\u00e7ine al\u00fdan forumy\u0148 \u00f6\u0148\u00fcsyrasyndaky \u00e7\u00e4reler ge\u00e7irildi. Forumy\u0148 esasy sessi\u00fdalary 18-19-njy sent\u00fdabrda &#8220;Awaza&#8221; milli sy\u00fdahat\u00e7ylyk zolagynda ge\u00e7iriler.<br \/>\nForuma wekili\u00fdetleri\u0148 800-den gowrak agzasyny\u0148 gatna\u015fjakdygy bellenildi. Olary\u0148 arasynda \u00fdokary derejeli ministrler, k\u00f6pmilletli korporasi\u00fdalary\u0148 \u00fdolba\u015f\u00e7ylary, ma\u00fda go\u00fdum banklaryny\u0148 \u00fdolba\u015f\u00e7ylary we tejribeli ylmy-g\u00f6zleg\u00e7iler bar.<br \/>\nAwazadaky sessi\u00fdalarda 90-dan gowrak halkara bilermen tarapyndan \u00e7yky\u015flar di\u0148lener. Ara alyp maslahatla\u015fmalar T\u00fcrkmenistany\u0148 \u00fdangy\u00e7-energetika toplumy, gurlu\u015fyk we senagat, ulag we logistika, howa \u015fertlerine \u00e7ydamly oba hojalygy, sanly we \u201c\u00fda\u015fyl\u201d \u00f6zgertmeler \u00fdaly esasy pudaklarynda strategik ma\u00fda go\u00fdum m\u00fcmkin\u00e7iliklerine g\u00f6n\u00fckdiriler. Go\u015fma\u00e7a sessi\u00fdalarda t\u00e4ze s\u00f6wda bazarlaryna \u00e7ykmak, d\u00f6wlet-hususy hyzmatda\u015flygy, howany\u0148 \u00fc\u00fdtgemegi we \u00fdurdu\u0148 ykdysady\u00fdetini diwersifikasi\u00fda etmek bo\u00fdun\u00e7a strategik ugurlara garalar. \u00c7\u00e4re 50 resmi hema\u00fdat\u00e7y we hyzmatda\u015f tarapyndan goldan\u00fdar. Bu bolsa foruma bolan halkara derejed\u00e4ki uly gyzyklanmany g\u00f6rkez\u00fd\u00e4r.<br \/>\nT\u00fcrkmenistany\u0148 ma\u00fda go\u00fdum forumy T\u00fcrkmenistany\u0148 Mali\u00fde we ykdysady\u00fdet ministrligi we T\u00fcrkmenistany\u0148 Da\u015fary i\u015fler ministrligi tarapyndan gural\u00fdar. \u201cT\u00fcrkmen Kongres\u201d \u00fdardam\u00e7y gurama\u00e7y h\u00f6km\u00fcnde \u00e7yky\u015f ed\u00fd\u00e4r.<br \/>\nForum barada has gi\u0148i\u015fle\u00fdin maglumat \u00fc\u00e7in <a href=\"https:\/\/tif-turkmenistan.com\/\">tif-turkmenistan.com<\/a> sa\u00fdtyndan okap bilersi\u0148iz.<\/p>\n","protected":false},"excerpt":{"rendered":"<p>18-19-njy sent\u00fdabrda Awazada T\u00fcrkmenistany\u0148 ma\u00fda go\u00fdum forumy (TIF 2025) ge\u00e7iril\u00fd\u00e4r. 17-nji sent\u00fdabrda A\u015fgabatda \u00fdokary derejeli ikitarapla\u00fdyn (B2G) geple\u015fikleri hem \u00f6z i\u00e7ine al\u00fdan forumy\u0148 \u00f6\u0148\u00fcsyrasyndaky \u00e7\u00e4reler ge\u00e7irildi. Forumy\u0148 esasy sessi\u00fdalary 18-19-njy sent\u00fdabrda &#8220;Awaza&#8221; milli sy\u00fdahat\u00e7ylyk zolagynda ge\u00e7iriler. Foruma wekili\u00fdetleri\u0148 800-den gowrak agzasyny\u0148 gatna\u015fjakdygy bellenildi. Olary\u0148 arasynda \u00fdokary derejeli ministrler, k\u00f6pmilletli korporasi\u00fdalary\u0148 \u00fdolba\u015f\u00e7ylary, ma\u00fda go\u00fdum banklaryny\u0148 \u00fdolba\u015f\u00e7ylary [&hellip;]<\/p>\n","protected":false},"author":2,"featured_media":146018,"comment_status":"open","ping_status":"closed","sticky":false,"template":"","format":"standard","meta":{"footnotes":""},"categories":[3],"tags":[],"acf":[],"_links":{"self":[{"href":"https:\/\/zamanturkmenistan.com.tm\/index.php?rest_route=\/wp\/v2\/posts\/146321"}],"collection":[{"href":"https:\/\/zamanturkmenistan.com.tm\/index.php?rest_route=\/wp\/v2\/posts"}],"about":[{"href":"https:\/\/zamanturkmenistan.com.tm\/index.php?rest_route=\/wp\/v2\/types\/post"}],"author":[{"embeddable":true,"href":"https:\/\/zamanturkmenistan.com.tm\/index.php?rest_route=\/wp\/v2\/users\/2"}],"replies":[{"embeddable":true,"href":"https:\/\/zamanturkmenistan.com.tm\/index.php?rest_route=%2Fwp%2Fv2%2Fcomments&post=146321"}],"version-history":[{"count":1,"href":"https:\/\/zamanturkmenistan.com.tm\/index.php?rest_route=\/wp\/v2\/posts\/146321\/revisions"}],"predecessor-version":[{"id":146322,"href":"https:\/\/zamanturkmenistan.com.tm\/index.php?rest_route=\/wp\/v2\/posts\/146321\/revisions\/146322"}],"wp:featuredmedia":[{"embeddable":true,"href":"https:\/\/zamanturkmenistan.com.tm\/index.php?rest_route=\/wp\/v2\/media\/146018"}],"wp:attachment":[{"href":"https:\/\/zamanturkmenistan.com.tm\/index.php?rest_route=%2Fwp%2Fv2%2Fmedia&parent=146321"}],"wp:term":[{"taxonomy":"category","embeddable":true,"href":"https:\/\/zamanturkmenistan.com.tm\/index.php?rest_route=%2Fwp%2Fv2%2Fcategories&post=146321"},{"taxonomy":"post_tag","embeddable":true,"href":"https:\/\/zamanturkmenistan.com.tm\/index.php?rest_route=%2Fwp%2Fv2%2Ftags&post=146321"}],"curies":[{"name":"wp","href":"https:\/\/api.w.org\/{rel}","templated":true}]}}