{"id":146323,"date":"2025-09-18T10:24:48","date_gmt":"2025-09-18T05:24:48","guid":{"rendered":"https:\/\/zamanturkmenistan.com.tm\/?p=146323"},"modified":"2025-09-18T15:20:22","modified_gmt":"2025-09-18T10:20:22","slug":"turkmenistanyn-garassyzlygynyn-34-yyllygy-mynasybetli-yurdumyzyn-ykdysady-ustunliklerinin-sergisi-gecirilyar","status":"publish","type":"post","link":"https:\/\/zamanturkmenistan.com.tm\/?p=146323","title":{"rendered":"T\u00fcrkmenistany\u0148 Gara\u015fsyzlygyny\u0148 34 \u00fdyllygy mynasybetli \u00fdurdumyzy\u0148 ykdysady \u00fcst\u00fcnliklerini\u0148 sergisi ge\u00e7iril\u00fd\u00e4r"},"content":{"rendered":"<p>\u015eu g\u00fcn T\u00fcrkmenistany\u0148 Gara\u015fsyzlygyny\u0148 34 \u00fdyllygy mynasybetli \u00fdurdumyzy\u0148 ykdysady \u00fcst\u00fcnliklerini\u0148 sergisi \u00f6z i\u015fine ba\u015fla\u00fdar. \u00dc\u00e7 g\u00fcn dowam ed\u00fd\u00e4n serg\u00e4 \u00fdurdumyzy\u0148 ministrliklerini\u0148 we pudakla\u00fdyn dolandyry\u015f edaralaryny\u0148 h\u00fcn\u00e4rmenleri, t\u00fcrkmen i\u015few\u00fcrleri we teleke\u00e7iler, \u015fe\u00fdle hem da\u015fary \u00fdurt kompani\u00fdalaryny\u0148 wekilleri we be\u00fdleki myhmanlar gatna\u015f\u00fdar.<br \/>\nHormatly Prezidentimiz serg\u00e4 gatna\u015fyjylara Gutlag hatyny iberdi. Gutlagda: \u201c\u00ddurdumyzy durmu\u015f-ykdysady ta\u00fddan \u00f6sd\u00fcrmekde \u00fdetilen sepgitler we gazanylan \u00fcst\u00fcnlikler geljegi\u0148 r\u00f6w\u015fen \u00fdollaryny gurmagy\u0148 mizemez bin\u00fdadydyr. \u015eu \u00fd\u00f6relgeden ugur alyp, biz ykdysady\u00fdetimizi mundan be\u00fdl\u00e4k-de durnukly \u00f6sd\u00fcrm\u00e4ge a\u00fdratyn \u00e4hmi\u00fdet ber\u00fd\u00e4ris. \u00d6\u0148debaryjy tehnologi\u00fdalar bilen enjamla\u015fdyrylan iri senagat toplumlary d\u00f6redil\u00fd\u00e4r, \u00e4hli pudaklary d\u00f6wrebapla\u015fdyrmak hem-de sanly ulgama ge\u00e7irmek ugrundaky i\u015fler \u00fcst\u00fcnlikli dowam etdiril\u00fd\u00e4r\u201d di\u00fdlip bellenil\u00fd\u00e4r.<br \/>\n<em><strong>Sergi-\u00fdarmarkany\u0148 i\u015f wagty:<\/strong><\/em><br \/>\n18-nji sent\u00fdabrda sagat 10:00-dan 18:00-a \u00e7enli;<br \/>\n19-njy sent\u00fdabrda sagat 10:00-dan 18:00-a \u00e7enli;<br \/>\n20-nji sent\u00fdabrda sagat 10:00-dan 15:00-a \u00e7enli.<br \/>\nSergi A\u015fgabat \u015f\u00e4herini\u0148 \u00c7andybil \u015fa\u00fdoluny\u0148 ugrundaky T\u00fcrkmenistany\u0148 S\u00f6wda-senagat edarasyny\u0148 binasynda ge\u00e7iril\u00fd\u00e4r.<\/p>\n","protected":false},"excerpt":{"rendered":"<p>\u015eu g\u00fcn T\u00fcrkmenistany\u0148 Gara\u015fsyzlygyny\u0148 34 \u00fdyllygy mynasybetli \u00fdurdumyzy\u0148 ykdysady \u00fcst\u00fcnliklerini\u0148 sergisi \u00f6z i\u015fine ba\u015fla\u00fdar. \u00dc\u00e7 g\u00fcn dowam ed\u00fd\u00e4n serg\u00e4 \u00fdurdumyzy\u0148 ministrliklerini\u0148 we pudakla\u00fdyn dolandyry\u015f edaralaryny\u0148 h\u00fcn\u00e4rmenleri, t\u00fcrkmen i\u015few\u00fcrleri we teleke\u00e7iler, \u015fe\u00fdle hem da\u015fary \u00fdurt kompani\u00fdalaryny\u0148 wekilleri we be\u00fdleki myhmanlar gatna\u015f\u00fdar. Hormatly Prezidentimiz serg\u00e4 gatna\u015fyjylara Gutlag hatyny iberdi. Gutlagda: \u201c\u00ddurdumyzy durmu\u015f-ykdysady ta\u00fddan \u00f6sd\u00fcrmekde \u00fdetilen sepgitler we [&hellip;]<\/p>\n","protected":false},"author":2,"featured_media":146360,"comment_status":"open","ping_status":"closed","sticky":false,"template":"","format":"standard","meta":{"footnotes":""},"categories":[3],"tags":[],"acf":[],"_links":{"self":[{"href":"https:\/\/zamanturkmenistan.com.tm\/index.php?rest_route=\/wp\/v2\/posts\/146323"}],"collection":[{"href":"https:\/\/zamanturkmenistan.com.tm\/index.php?rest_route=\/wp\/v2\/posts"}],"about":[{"href":"https:\/\/zamanturkmenistan.com.tm\/index.php?rest_route=\/wp\/v2\/types\/post"}],"author":[{"embeddable":true,"href":"https:\/\/zamanturkmenistan.com.tm\/index.php?rest_route=\/wp\/v2\/users\/2"}],"replies":[{"embeddable":true,"href":"https:\/\/zamanturkmenistan.com.tm\/index.php?rest_route=%2Fwp%2Fv2%2Fcomments&post=146323"}],"version-history":[{"count":1,"href":"https:\/\/zamanturkmenistan.com.tm\/index.php?rest_route=\/wp\/v2\/posts\/146323\/revisions"}],"predecessor-version":[{"id":146324,"href":"https:\/\/zamanturkmenistan.com.tm\/index.php?rest_route=\/wp\/v2\/posts\/146323\/revisions\/146324"}],"wp:featuredmedia":[{"embeddable":true,"href":"https:\/\/zamanturkmenistan.com.tm\/index.php?rest_route=\/wp\/v2\/media\/146360"}],"wp:attachment":[{"href":"https:\/\/zamanturkmenistan.com.tm\/index.php?rest_route=%2Fwp%2Fv2%2Fmedia&parent=146323"}],"wp:term":[{"taxonomy":"category","embeddable":true,"href":"https:\/\/zamanturkmenistan.com.tm\/index.php?rest_route=%2Fwp%2Fv2%2Fcategories&post=146323"},{"taxonomy":"post_tag","embeddable":true,"href":"https:\/\/zamanturkmenistan.com.tm\/index.php?rest_route=%2Fwp%2Fv2%2Ftags&post=146323"}],"curies":[{"name":"wp","href":"https:\/\/api.w.org\/{rel}","templated":true}]}}