{"id":146327,"date":"2025-09-18T11:14:34","date_gmt":"2025-09-18T06:14:34","guid":{"rendered":"https:\/\/zamanturkmenistan.com.tm\/?p=146327"},"modified":"2025-09-18T11:14:57","modified_gmt":"2025-09-18T06:14:57","slug":"seyilgahde-gecirilen-kitap-sergisi","status":"publish","type":"post","link":"https:\/\/zamanturkmenistan.com.tm\/?p=146327","title":{"rendered":"Se\u00fdilg\u00e4hde guralan kitap sergisi"},"content":{"rendered":"<p>Mukaddes Gara\u0219syzlygymyzy\u0148 34 \u00fdyllyk ba\u00fdramy mynasybetli \u00fdurdumyzy\u00f1 \u00e4hli \u00fderlerinde dabaralar, a\u00fddym-sazly du\u0219u\u0219yklar, maslahatlar, sergiler ge\u00e7iril\u00fd\u00e4r.<br \/>\nBa\u015f ba\u00fdramymyzy\u0148 \u00f6\u0148\u00fcsyrasynda pa\u00fdtagtymyzy\u0148 g\u00f6zel \u00fderlerini\u0148 biri bolan \u00abBa\u00fdram han\u00bb se\u00fdilg\u00e4hinde \u00abGara\u0219syzlyk \u2013 k\u00f6\u0148\u00fclleri\u0148 guwanjy\u00bb atly g\u00f6\u00e7me kitap sergisi we wagyz-nesihat \u00e7\u00e4resi ge\u00e7irildi. Bu \u00e7\u00e4re A\u015fgabat \u015f\u00e4her medeni\u00fdet m\u00fcdirligini\u0148 Merkezle\u015fdirilen kitaphanalar ulgamyny\u0148 Berdi Kerbaba\u00fdew adyndaky kitaphana \u015faham\u00e7asy bilen T\u00fcrkmen d\u00f6wlet medeni\u00fdet we sungat mekdebi tarapyndan bilelikde guraldy.<br \/>\nOnda \u00e7yky\u015f edenler bedew bady bilen \u00f6s\u00fc\u015flerden \u00f6s\u00fc\u015flere bar\u00fdan Watanymyzda \u015fanly Gara\u015fsyzlygymyzy\u0148 34 \u00fdyllygyny\u0148, hemi\u015felik Bitaraplygymyzy\u00f1 30 \u00fdyllygyny\u00f1 gi\u0148den bellenil\u00fd\u00e4n Halkara parahat\u00e7ylyk we ynany\u015fmak \u00fdylynda gazanylan \u00f6s\u00fc\u015fler barada g\u00fcrr\u00fc\u0148 berdiler.<br \/>\nGuralan g\u00f6\u00e7me kitap sergisi bu \u00fdere gelenleri\u0148 \u00fcns\u00fcni \u00f6z\u00fcne \u00e7ekdi.<\/p>\n","protected":false},"excerpt":{"rendered":"<p>Mukaddes Gara\u0219syzlygymyzy\u0148 34 \u00fdyllyk ba\u00fdramy mynasybetli \u00fdurdumyzy\u00f1 \u00e4hli \u00fderlerinde dabaralar, a\u00fddym-sazly du\u0219u\u0219yklar, maslahatlar, sergiler ge\u00e7iril\u00fd\u00e4r. Ba\u015f ba\u00fdramymyzy\u0148 \u00f6\u0148\u00fcsyrasynda pa\u00fdtagtymyzy\u0148 g\u00f6zel \u00fderlerini\u0148 biri bolan \u00abBa\u00fdram han\u00bb se\u00fdilg\u00e4hinde \u00abGara\u0219syzlyk \u2013 k\u00f6\u0148\u00fclleri\u0148 guwanjy\u00bb atly g\u00f6\u00e7me kitap sergisi we wagyz-nesihat \u00e7\u00e4resi ge\u00e7irildi. Bu \u00e7\u00e4re A\u015fgabat \u015f\u00e4her medeni\u00fdet m\u00fcdirligini\u0148 Merkezle\u015fdirilen kitaphanalar ulgamyny\u0148 Berdi Kerbaba\u00fdew adyndaky kitaphana \u015faham\u00e7asy bilen T\u00fcrkmen d\u00f6wlet [&hellip;]<\/p>\n","protected":false},"author":2,"featured_media":146328,"comment_status":"open","ping_status":"closed","sticky":false,"template":"","format":"standard","meta":{"footnotes":""},"categories":[3],"tags":[],"acf":[],"_links":{"self":[{"href":"https:\/\/zamanturkmenistan.com.tm\/index.php?rest_route=\/wp\/v2\/posts\/146327"}],"collection":[{"href":"https:\/\/zamanturkmenistan.com.tm\/index.php?rest_route=\/wp\/v2\/posts"}],"about":[{"href":"https:\/\/zamanturkmenistan.com.tm\/index.php?rest_route=\/wp\/v2\/types\/post"}],"author":[{"embeddable":true,"href":"https:\/\/zamanturkmenistan.com.tm\/index.php?rest_route=\/wp\/v2\/users\/2"}],"replies":[{"embeddable":true,"href":"https:\/\/zamanturkmenistan.com.tm\/index.php?rest_route=%2Fwp%2Fv2%2Fcomments&post=146327"}],"version-history":[{"count":2,"href":"https:\/\/zamanturkmenistan.com.tm\/index.php?rest_route=\/wp\/v2\/posts\/146327\/revisions"}],"predecessor-version":[{"id":146330,"href":"https:\/\/zamanturkmenistan.com.tm\/index.php?rest_route=\/wp\/v2\/posts\/146327\/revisions\/146330"}],"wp:featuredmedia":[{"embeddable":true,"href":"https:\/\/zamanturkmenistan.com.tm\/index.php?rest_route=\/wp\/v2\/media\/146328"}],"wp:attachment":[{"href":"https:\/\/zamanturkmenistan.com.tm\/index.php?rest_route=%2Fwp%2Fv2%2Fmedia&parent=146327"}],"wp:term":[{"taxonomy":"category","embeddable":true,"href":"https:\/\/zamanturkmenistan.com.tm\/index.php?rest_route=%2Fwp%2Fv2%2Fcategories&post=146327"},{"taxonomy":"post_tag","embeddable":true,"href":"https:\/\/zamanturkmenistan.com.tm\/index.php?rest_route=%2Fwp%2Fv2%2Ftags&post=146327"}],"curies":[{"name":"wp","href":"https:\/\/api.w.org\/{rel}","templated":true}]}}