{"id":148102,"date":"2025-10-09T08:38:54","date_gmt":"2025-10-09T03:38:54","guid":{"rendered":"https:\/\/zamanturkmenistan.com.tm\/?p=148102"},"modified":"2025-10-09T08:38:54","modified_gmt":"2025-10-09T03:38:54","slug":"turkmenistanda-2030-njy-yyla-cenli-maliye-bazaryny-osdurmegin-strategiyasy-tassyklandy","status":"publish","type":"post","link":"https:\/\/zamanturkmenistan.com.tm\/?p=148102","title":{"rendered":"T\u00fcrkmenistanda 2030-njy \u00fdyla \u00e7enli mali\u00fde bazaryny \u00f6sd\u00fcrmegi\u0148 Strategi\u00fdasy tassyklandy"},"content":{"rendered":"<p>\u00ddurdumyzda mali\u00fde bazaryny\u0148 has-da \u00f6sd\u00fcrilmegini gazanmak we kanun\u00e7ylyk bin\u00fdadyny k\u00e4mille\u015fdirmek, d\u00f6wrebap mali\u00fde gurallaryny orna\u015fdyrmak, mali\u00fde seri\u015fdelerini\u0148 netijeli dolany\u015fygyny \u00fcpj\u00fcn etmek hem-de bu ulgamda sanly hyzmatlary\u0148 gerimini gi\u0148eltmek maksady bilen, T\u00fcrkmenistany\u0148 Prezidenti Karara gol \u00e7ekdi. Resminama la\u00fdyklykda, T\u00fcrkmenistanda 2030-njy \u00fdyla \u00e7enli mali\u00fde bazaryny \u00f6sd\u00fcrmegi\u0148 Strategi\u00fdasy tassyklanyldy.<br \/>\nMali\u00fde we ykdysady\u00fdet ministrligine, degi\u015fli ministrliklere we pudakla\u00fdyn dolandyry\u015f edaralaryna Strategi\u00fdany\u0148 amala a\u015fyrylmagyny \u00fcpj\u00fcn etmek tab\u015fyryldy.<\/p>\n","protected":false},"excerpt":{"rendered":"<p>\u00ddurdumyzda mali\u00fde bazaryny\u0148 has-da \u00f6sd\u00fcrilmegini gazanmak we kanun\u00e7ylyk bin\u00fdadyny k\u00e4mille\u015fdirmek, d\u00f6wrebap mali\u00fde gurallaryny orna\u015fdyrmak, mali\u00fde seri\u015fdelerini\u0148 netijeli dolany\u015fygyny \u00fcpj\u00fcn etmek hem-de bu ulgamda sanly hyzmatlary\u0148 gerimini gi\u0148eltmek maksady bilen, T\u00fcrkmenistany\u0148 Prezidenti Karara gol \u00e7ekdi. Resminama la\u00fdyklykda, T\u00fcrkmenistanda 2030-njy \u00fdyla \u00e7enli mali\u00fde bazaryny \u00f6sd\u00fcrmegi\u0148 Strategi\u00fdasy tassyklanyldy. Mali\u00fde we ykdysady\u00fdet ministrligine, degi\u015fli ministrliklere we pudakla\u00fdyn dolandyry\u015f edaralaryna [&hellip;]<\/p>\n","protected":false},"author":2,"featured_media":136344,"comment_status":"open","ping_status":"closed","sticky":false,"template":"","format":"standard","meta":{"footnotes":""},"categories":[3],"tags":[],"acf":[],"_links":{"self":[{"href":"https:\/\/zamanturkmenistan.com.tm\/index.php?rest_route=\/wp\/v2\/posts\/148102"}],"collection":[{"href":"https:\/\/zamanturkmenistan.com.tm\/index.php?rest_route=\/wp\/v2\/posts"}],"about":[{"href":"https:\/\/zamanturkmenistan.com.tm\/index.php?rest_route=\/wp\/v2\/types\/post"}],"author":[{"embeddable":true,"href":"https:\/\/zamanturkmenistan.com.tm\/index.php?rest_route=\/wp\/v2\/users\/2"}],"replies":[{"embeddable":true,"href":"https:\/\/zamanturkmenistan.com.tm\/index.php?rest_route=%2Fwp%2Fv2%2Fcomments&post=148102"}],"version-history":[{"count":1,"href":"https:\/\/zamanturkmenistan.com.tm\/index.php?rest_route=\/wp\/v2\/posts\/148102\/revisions"}],"predecessor-version":[{"id":148103,"href":"https:\/\/zamanturkmenistan.com.tm\/index.php?rest_route=\/wp\/v2\/posts\/148102\/revisions\/148103"}],"wp:featuredmedia":[{"embeddable":true,"href":"https:\/\/zamanturkmenistan.com.tm\/index.php?rest_route=\/wp\/v2\/media\/136344"}],"wp:attachment":[{"href":"https:\/\/zamanturkmenistan.com.tm\/index.php?rest_route=%2Fwp%2Fv2%2Fmedia&parent=148102"}],"wp:term":[{"taxonomy":"category","embeddable":true,"href":"https:\/\/zamanturkmenistan.com.tm\/index.php?rest_route=%2Fwp%2Fv2%2Fcategories&post=148102"},{"taxonomy":"post_tag","embeddable":true,"href":"https:\/\/zamanturkmenistan.com.tm\/index.php?rest_route=%2Fwp%2Fv2%2Ftags&post=148102"}],"curies":[{"name":"wp","href":"https:\/\/api.w.org\/{rel}","templated":true}]}}