{"id":148407,"date":"2025-10-11T18:44:50","date_gmt":"2025-10-11T13:44:50","guid":{"rendered":"https:\/\/zamanturkmenistan.com.tm\/?p=148407"},"modified":"2025-10-11T18:44:50","modified_gmt":"2025-10-11T13:44:50","slug":"macron-reappoints-sebastien-lecornu-as-pm","status":"publish","type":"post","link":"https:\/\/zamanturkmenistan.com.tm\/?p=148407","title":{"rendered":"Macron reappoints Sebastien Lecornu as PM"},"content":{"rendered":"<p>French President Emmanuel Macron has reappointed S\u00e9bastien Lecornu as Prime Minister, days after he resigned.<br \/>\nAccording to a written statement released by the \u00c9lys\u00e9e Palace, Macron reconfirmed Lecornu&#8217;s appointment and tasked him with forming a new government.<br \/>\nLater that day, the French president held a meeting at the \u00c9lys\u00e9e Palace with representatives of parliamentary political parties to discuss the ongoing government crisis.<br \/>\nRepresentatives of the far-right National Rally (RN) and far-left France Insoumise (LFI) were not invited to the meeting.<br \/>\nBudget disagreements continue to fuel political instability in France .<br \/>\nThe government of center-right politician Michel Barnier lasted only three months and was dismissed on December 4, 2024, after the opposition passed a no-confidence vote amid disagreements over the 2025 budget.<\/p>\n","protected":false},"excerpt":{"rendered":"<p>French President Emmanuel Macron has reappointed S\u00e9bastien Lecornu as Prime Minister, days after he resigned. According to a written statement released by the \u00c9lys\u00e9e Palace, Macron reconfirmed Lecornu&#8217;s appointment and tasked him with forming a new government. Later that day, the French president held a meeting at the \u00c9lys\u00e9e Palace with representatives of parliamentary political [&hellip;]<\/p>\n","protected":false},"author":2,"featured_media":148293,"comment_status":"open","ping_status":"closed","sticky":false,"template":"","format":"standard","meta":{"footnotes":""},"categories":[10916],"tags":[],"acf":[],"_links":{"self":[{"href":"https:\/\/zamanturkmenistan.com.tm\/index.php?rest_route=\/wp\/v2\/posts\/148407"}],"collection":[{"href":"https:\/\/zamanturkmenistan.com.tm\/index.php?rest_route=\/wp\/v2\/posts"}],"about":[{"href":"https:\/\/zamanturkmenistan.com.tm\/index.php?rest_route=\/wp\/v2\/types\/post"}],"author":[{"embeddable":true,"href":"https:\/\/zamanturkmenistan.com.tm\/index.php?rest_route=\/wp\/v2\/users\/2"}],"replies":[{"embeddable":true,"href":"https:\/\/zamanturkmenistan.com.tm\/index.php?rest_route=%2Fwp%2Fv2%2Fcomments&post=148407"}],"version-history":[{"count":1,"href":"https:\/\/zamanturkmenistan.com.tm\/index.php?rest_route=\/wp\/v2\/posts\/148407\/revisions"}],"predecessor-version":[{"id":148408,"href":"https:\/\/zamanturkmenistan.com.tm\/index.php?rest_route=\/wp\/v2\/posts\/148407\/revisions\/148408"}],"wp:featuredmedia":[{"embeddable":true,"href":"https:\/\/zamanturkmenistan.com.tm\/index.php?rest_route=\/wp\/v2\/media\/148293"}],"wp:attachment":[{"href":"https:\/\/zamanturkmenistan.com.tm\/index.php?rest_route=%2Fwp%2Fv2%2Fmedia&parent=148407"}],"wp:term":[{"taxonomy":"category","embeddable":true,"href":"https:\/\/zamanturkmenistan.com.tm\/index.php?rest_route=%2Fwp%2Fv2%2Fcategories&post=148407"},{"taxonomy":"post_tag","embeddable":true,"href":"https:\/\/zamanturkmenistan.com.tm\/index.php?rest_route=%2Fwp%2Fv2%2Ftags&post=148407"}],"curies":[{"name":"wp","href":"https:\/\/api.w.org\/{rel}","templated":true}]}}