{"id":148792,"date":"2025-10-17T11:53:50","date_gmt":"2025-10-17T06:53:50","guid":{"rendered":"https:\/\/zamanturkmenistan.com.tm\/?p=148792"},"modified":"2025-10-17T11:53:50","modified_gmt":"2025-10-17T06:53:50","slug":"turkmenistanyn-ilcisi-efiopiyanyn-prezidentine-ynanc-hatyny-gowsurdy","status":"publish","type":"post","link":"https:\/\/zamanturkmenistan.com.tm\/?p=148792","title":{"rendered":"T\u00fcrkmenistany\u0148 Il\u00e7isi Efiopi\u00fdany\u0148 Prezidentine ynan\u00e7 hatyny gow\u015furdy"},"content":{"rendered":"<p>14-nji okt\u00fdabrda Addis-Abeba \u015f\u00e4herini\u0148 Prezident k\u00f6\u015fg\u00fcnde T\u00fcrkmenistany\u0148 Efiopi\u00fda Federal Demokratik Respublikasyndaky Adatdan da\u015fary we Doly ygty\u00fdarly Il\u00e7isi (otur\u00fdan \u00fderi Ankara \u015f\u00e4heri) M.I\u015fanguly\u00fdewi\u0148 Efiopi\u00fdany\u0148 Prezidenti Ta\u00fde Atske Selassi\u00fde ynan\u00e7 hatyny gow\u015fury\u015f dabarasy ge\u00e7irildi.<br \/>\nDabarany\u0148 \u00e7\u00e4klerinde Il\u00e7i T\u00fcrkmenistany\u0148 Prezidenti Serdar Berdimuhamedowy\u0148 we t\u00fcrkmen halkyny\u0148 Milli Lideri, T\u00fcrkmenistany\u0148 Halk Maslahatyny\u0148 Ba\u015flygy Gurbanguly Berdimuhamedowy\u0148 \u00fdollan m\u00e4hirli salamlaryny we i\u0148 gowy arzuwlaryny \u00fdetirdi.<br \/>\nDu\u015fu\u015fygy\u0148 bar\u015fynda taraplar sy\u00fdasy-diplomatik, s\u00f6wda-ykdysady we medeni-ynsanperwer ugurlardaky iki \u00fdurdu\u0148 arasyndaky dostlukly gatna\u015fyklary mundan be\u00fdl\u00e4k-de \u00f6sd\u00fcrm\u00e4ge gyzyklanma bildir\u00fd\u00e4ndigini bellediler.<br \/>\nEfiopi\u00fda Federal Demokratik Respublikasyny\u0148 Prezidenti Ta\u00fde Atske Selassi\u00fde T\u00fcrkmenistany\u0148 \u00fdolba\u015f\u00e7ylaryny\u0148 adyndan a\u00fddylan m\u00e4hirli s\u00f6zler \u00fc\u00e7in minnetdarlyk bildirmek bilen, \u00f6z nobatynda T\u00fcrkmenistany\u0148 Prezidentine we T\u00fcrkmen halkyny\u0148 Milli Liderine dostlukly salamlaryny \u00fdetirmegi ha\u00fdy\u015f etdi.<\/p>\n<p style=\"text-align: center;\">***<\/p>\n<p>\u015eol g\u00fcn Il\u00e7i M.I\u015fanguly\u00fdew Efiopi\u00fdany\u0148 Da\u015fary i\u015fler bo\u00fdun\u00e7a D\u00f6wlet ministri Berhane Tsga\u00fde bilen du\u015fu\u015fdy.<br \/>\nDu\u015fu\u015fygy\u0148 \u00e7\u00e4klerinde D\u00f6wlet ministri B.Tsga\u00fde Il\u00e7ini bu m\u00f6h\u00fcm wezip\u00e4 bellenilmegi gutlamak bilen, Efiopi\u00fdany\u0148 ikitarapla\u00fdyn gatna\u015fyklary mundan be\u00fdl\u00e4k-de \u00f6sd\u00fcrmek ugrundaky tagallalaryna goldaw berm\u00e4ge ta\u00fd\u00fdardygyny nygtady.<br \/>\n\u015ee\u00fdle hem, du\u015fu\u015fygy\u0148 dowamynda taraplar s\u00f6wda-ykdysady we medeni-ynsanperwer ugurlardaky hyzmatda\u015flygy gi\u0148eltmegi\u0148 m\u00fcmkin\u00e7iliklerini ara alyp maslahatla\u015fdylar.<br \/>\nEfiopi\u00fda bolan saparyny\u0148 dowamynda T\u00fcrkmenistany\u0148 Il\u00e7isi Afrika bilele\u015figini\u0148 wekilleri bilen hem du\u015fu\u015fdy. Geple\u015fikleri\u0148 dowamynda hyzmatda\u015flygy \u00f6sd\u00fcrmegi\u0148 m\u00fcmkin\u00e7ilikleri ara alnyp maslahatla\u015fyldy.<\/p>\n","protected":false},"excerpt":{"rendered":"<p>14-nji okt\u00fdabrda Addis-Abeba \u015f\u00e4herini\u0148 Prezident k\u00f6\u015fg\u00fcnde T\u00fcrkmenistany\u0148 Efiopi\u00fda Federal Demokratik Respublikasyndaky Adatdan da\u015fary we Doly ygty\u00fdarly Il\u00e7isi (otur\u00fdan \u00fderi Ankara \u015f\u00e4heri) M.I\u015fanguly\u00fdewi\u0148 Efiopi\u00fdany\u0148 Prezidenti Ta\u00fde Atske Selassi\u00fde ynan\u00e7 hatyny gow\u015fury\u015f dabarasy ge\u00e7irildi. Dabarany\u0148 \u00e7\u00e4klerinde Il\u00e7i T\u00fcrkmenistany\u0148 Prezidenti Serdar Berdimuhamedowy\u0148 we t\u00fcrkmen halkyny\u0148 Milli Lideri, T\u00fcrkmenistany\u0148 Halk Maslahatyny\u0148 Ba\u015flygy Gurbanguly Berdimuhamedowy\u0148 \u00fdollan m\u00e4hirli salamlaryny we i\u0148 [&hellip;]<\/p>\n","protected":false},"author":2,"featured_media":148793,"comment_status":"open","ping_status":"closed","sticky":false,"template":"","format":"standard","meta":{"footnotes":""},"categories":[3],"tags":[],"acf":[],"_links":{"self":[{"href":"https:\/\/zamanturkmenistan.com.tm\/index.php?rest_route=\/wp\/v2\/posts\/148792"}],"collection":[{"href":"https:\/\/zamanturkmenistan.com.tm\/index.php?rest_route=\/wp\/v2\/posts"}],"about":[{"href":"https:\/\/zamanturkmenistan.com.tm\/index.php?rest_route=\/wp\/v2\/types\/post"}],"author":[{"embeddable":true,"href":"https:\/\/zamanturkmenistan.com.tm\/index.php?rest_route=\/wp\/v2\/users\/2"}],"replies":[{"embeddable":true,"href":"https:\/\/zamanturkmenistan.com.tm\/index.php?rest_route=%2Fwp%2Fv2%2Fcomments&post=148792"}],"version-history":[{"count":1,"href":"https:\/\/zamanturkmenistan.com.tm\/index.php?rest_route=\/wp\/v2\/posts\/148792\/revisions"}],"predecessor-version":[{"id":148794,"href":"https:\/\/zamanturkmenistan.com.tm\/index.php?rest_route=\/wp\/v2\/posts\/148792\/revisions\/148794"}],"wp:featuredmedia":[{"embeddable":true,"href":"https:\/\/zamanturkmenistan.com.tm\/index.php?rest_route=\/wp\/v2\/media\/148793"}],"wp:attachment":[{"href":"https:\/\/zamanturkmenistan.com.tm\/index.php?rest_route=%2Fwp%2Fv2%2Fmedia&parent=148792"}],"wp:term":[{"taxonomy":"category","embeddable":true,"href":"https:\/\/zamanturkmenistan.com.tm\/index.php?rest_route=%2Fwp%2Fv2%2Fcategories&post=148792"},{"taxonomy":"post_tag","embeddable":true,"href":"https:\/\/zamanturkmenistan.com.tm\/index.php?rest_route=%2Fwp%2Fv2%2Ftags&post=148792"}],"curies":[{"name":"wp","href":"https:\/\/api.w.org\/{rel}","templated":true}]}}