{"id":148804,"date":"2025-10-17T13:00:34","date_gmt":"2025-10-17T08:00:34","guid":{"rendered":"https:\/\/zamanturkmenistan.com.tm\/?p=148804"},"modified":"2025-10-17T15:17:45","modified_gmt":"2025-10-17T10:17:45","slug":"ilkinji-cadillac-awtoulagy","status":"publish","type":"post","link":"https:\/\/zamanturkmenistan.com.tm\/?p=148804","title":{"rendered":"Il\u00adkin\u00adji \u00abCadil\u00adlac\u00bb aw\u00adtou\u00adlagy"},"content":{"rendered":"<p>1902-nji \u00fdy\u00adly\u0148 17-nji okt\u00ad\u00fdab\u00adryn\u00adda AB\u015e-ny\u0148 Det\u00adro\u00fdt \u015f\u00e4\u00adhe\u00adrin\u00adde il\u00adkin\u00adji \u00abCadil\u00adlac\u00bb ky\u00adsym\u00adly aw\u00adtou\u00adlag \u2013 \u00abCadil\u00adlac Mo\u00addel A\u00bb \u00f6n\u00add\u00fc\u00adril\u00ad\u00fd\u00e4r. Bir si\u00adlindr\u00adli, mo\u00adto\u00adry 10 at g\u00fc\u00fd\u00adj\u00fc\u00adne ba\u00adra\u00adbar bo\u00adlan bu aw\u00adtou\u00adlag 1903-nji \u00fdy\u00adly\u0148 \u00fdan\u00adwar a\u00fdyn\u00adda N\u00fdu-\u00ddork aw\u00adtou\u00adlag ser\u00adgi\u00adsin\u00adde g\u00f6r\u00adke\u00adzi\u00adlip, 2 m\u00fc\u0148\u00adden gow\u00adrak sar\u00adgyt al\u00ad\u00fdar. Det\u00adro\u00fd\u00adty\u0148 d\u00fc\u00fd\u00adb\u00fc\u00adni tu\u00adtu\u00adjy An\u00adtu\u00adan Lo\u00adme de La\u00admot Ka\u00addil\u00ad\u00fda\u00adky\u0148 ady da\u00adky\u00adlan bu kom\u00adpa\u00adni\u00ad\u00fda in\u00ad\u017ee\u00adner Gen\u00adri Li\u00adland ta\u00adra\u00adpyn\u00addan esas\u00adlan\u00addy\u00adryl\u00ad\u00fdar.<\/p>\n<p><strong>Suratda:<\/strong> 1913-nji \u00fdylda \u00abCadil\u00adlac\u00bb awtoulagyny\u0148 bahalaryny g\u00f6rkez\u00fd\u00e4n gazetde \u00e7ykan bildiri\u015f.<\/p>\n","protected":false},"excerpt":{"rendered":"<p>1902-nji \u00fdy\u00adly\u0148 17-nji okt\u00ad\u00fdab\u00adryn\u00adda AB\u015e-ny\u0148 Det\u00adro\u00fdt \u015f\u00e4\u00adhe\u00adrin\u00adde il\u00adkin\u00adji \u00abCadil\u00adlac\u00bb ky\u00adsym\u00adly aw\u00adtou\u00adlag \u2013 \u00abCadil\u00adlac Mo\u00addel A\u00bb \u00f6n\u00add\u00fc\u00adril\u00ad\u00fd\u00e4r. Bir si\u00adlindr\u00adli, mo\u00adto\u00adry 10 at g\u00fc\u00fd\u00adj\u00fc\u00adne ba\u00adra\u00adbar bo\u00adlan bu aw\u00adtou\u00adlag 1903-nji \u00fdy\u00adly\u0148 \u00fdan\u00adwar a\u00fdyn\u00adda N\u00fdu-\u00ddork aw\u00adtou\u00adlag ser\u00adgi\u00adsin\u00adde g\u00f6r\u00adke\u00adzi\u00adlip, 2 m\u00fc\u0148\u00adden gow\u00adrak sar\u00adgyt al\u00ad\u00fdar. Det\u00adro\u00fd\u00adty\u0148 d\u00fc\u00fd\u00adb\u00fc\u00adni tu\u00adtu\u00adjy An\u00adtu\u00adan Lo\u00adme de La\u00admot Ka\u00addil\u00ad\u00fda\u00adky\u0148 ady da\u00adky\u00adlan bu kom\u00adpa\u00adni\u00ad\u00fda in\u00ad\u017ee\u00adner Gen\u00adri Li\u00adland ta\u00adra\u00adpyn\u00addan [&hellip;]<\/p>\n","protected":false},"author":2,"featured_media":148855,"comment_status":"open","ping_status":"closed","sticky":false,"template":"","format":"standard","meta":{"footnotes":""},"categories":[402],"tags":[],"acf":[],"_links":{"self":[{"href":"https:\/\/zamanturkmenistan.com.tm\/index.php?rest_route=\/wp\/v2\/posts\/148804"}],"collection":[{"href":"https:\/\/zamanturkmenistan.com.tm\/index.php?rest_route=\/wp\/v2\/posts"}],"about":[{"href":"https:\/\/zamanturkmenistan.com.tm\/index.php?rest_route=\/wp\/v2\/types\/post"}],"author":[{"embeddable":true,"href":"https:\/\/zamanturkmenistan.com.tm\/index.php?rest_route=\/wp\/v2\/users\/2"}],"replies":[{"embeddable":true,"href":"https:\/\/zamanturkmenistan.com.tm\/index.php?rest_route=%2Fwp%2Fv2%2Fcomments&post=148804"}],"version-history":[{"count":1,"href":"https:\/\/zamanturkmenistan.com.tm\/index.php?rest_route=\/wp\/v2\/posts\/148804\/revisions"}],"predecessor-version":[{"id":148805,"href":"https:\/\/zamanturkmenistan.com.tm\/index.php?rest_route=\/wp\/v2\/posts\/148804\/revisions\/148805"}],"wp:featuredmedia":[{"embeddable":true,"href":"https:\/\/zamanturkmenistan.com.tm\/index.php?rest_route=\/wp\/v2\/media\/148855"}],"wp:attachment":[{"href":"https:\/\/zamanturkmenistan.com.tm\/index.php?rest_route=%2Fwp%2Fv2%2Fmedia&parent=148804"}],"wp:term":[{"taxonomy":"category","embeddable":true,"href":"https:\/\/zamanturkmenistan.com.tm\/index.php?rest_route=%2Fwp%2Fv2%2Fcategories&post=148804"},{"taxonomy":"post_tag","embeddable":true,"href":"https:\/\/zamanturkmenistan.com.tm\/index.php?rest_route=%2Fwp%2Fv2%2Ftags&post=148804"}],"curies":[{"name":"wp","href":"https:\/\/api.w.org\/{rel}","templated":true}]}}