{"id":148828,"date":"2025-10-17T14:38:32","date_gmt":"2025-10-17T09:38:32","guid":{"rendered":"https:\/\/zamanturkmenistan.com.tm\/?p=148828"},"modified":"2025-10-17T14:38:32","modified_gmt":"2025-10-17T09:38:32","slug":"turkmenistanyn-stambul-saherindaki-bas-konsuly-konsullyk-patentini-gowsurdy-2","status":"publish","type":"post","link":"https:\/\/zamanturkmenistan.com.tm\/?p=148828","title":{"rendered":"T\u00fcrkmenistany\u0148 Stambul \u015f\u00e4herind\u00e4ki Ba\u015f konsuly Konsullyk patentini gow\u015furdy"},"content":{"rendered":"<p>16-njy okt\u00fdabrda T\u00fcrkmenistany\u0148 T\u00fcrki\u00fde Respublikasyndaky (Stambul \u015f\u00e4heri) Ba\u015f konsuly \u00d6wezgeldi Jumanazarow T\u00fcrki\u00fd\u00e4ni\u0148 Da\u015fary i\u015fler ministrligini\u0148 Konsullyk i\u015fleri bo\u00fdun\u00e7a Ba\u015f m\u00fcdirligini\u0148 direktory G\u00fclsun Erkula Konsullyk patentini gow\u015furdy.<br \/>\nDu\u015fu\u015fygy\u0148 bar\u015fynda taraplar T\u00fcrkmenistany\u0148 we T\u00fcrki\u00fde Respublikasyny\u0148 arasyndaky sy\u00fdasy-diplomatik, s\u00f6wda-ykdysady we medeni-ynsanperwer ulgamlaryndaky \u00f6zara b\u00e4hbitli gatna\u015fyklaryny\u0148 \u00f6s\u00fc\u015fini kanagatlanma bilen bell\u00e4p ge\u00e7diler.<br \/>\n\u015ee\u00fdle-de diplomatlar geljekde hem iki d\u00f6wleti\u0148 arasyndaky hyzmatda\u015flygy\u0148 \u00e7u\u0148la\u015fdyrylmagy we gi\u0148eldilmegi ugrunda tagallalaryny ga\u00fdgyrmajakdyklaryny a\u00fdratyn nygtadylar.<\/p>\n","protected":false},"excerpt":{"rendered":"<p>16-njy okt\u00fdabrda T\u00fcrkmenistany\u0148 T\u00fcrki\u00fde Respublikasyndaky (Stambul \u015f\u00e4heri) Ba\u015f konsuly \u00d6wezgeldi Jumanazarow T\u00fcrki\u00fd\u00e4ni\u0148 Da\u015fary i\u015fler ministrligini\u0148 Konsullyk i\u015fleri bo\u00fdun\u00e7a Ba\u015f m\u00fcdirligini\u0148 direktory G\u00fclsun Erkula Konsullyk patentini gow\u015furdy. Du\u015fu\u015fygy\u0148 bar\u015fynda taraplar T\u00fcrkmenistany\u0148 we T\u00fcrki\u00fde Respublikasyny\u0148 arasyndaky sy\u00fdasy-diplomatik, s\u00f6wda-ykdysady we medeni-ynsanperwer ulgamlaryndaky \u00f6zara b\u00e4hbitli gatna\u015fyklaryny\u0148 \u00f6s\u00fc\u015fini kanagatlanma bilen bell\u00e4p ge\u00e7diler. \u015ee\u00fdle-de diplomatlar geljekde hem iki d\u00f6wleti\u0148 arasyndaky hyzmatda\u015flygy\u0148 [&hellip;]<\/p>\n","protected":false},"author":2,"featured_media":148829,"comment_status":"open","ping_status":"closed","sticky":false,"template":"","format":"standard","meta":{"footnotes":""},"categories":[3],"tags":[],"acf":[],"_links":{"self":[{"href":"https:\/\/zamanturkmenistan.com.tm\/index.php?rest_route=\/wp\/v2\/posts\/148828"}],"collection":[{"href":"https:\/\/zamanturkmenistan.com.tm\/index.php?rest_route=\/wp\/v2\/posts"}],"about":[{"href":"https:\/\/zamanturkmenistan.com.tm\/index.php?rest_route=\/wp\/v2\/types\/post"}],"author":[{"embeddable":true,"href":"https:\/\/zamanturkmenistan.com.tm\/index.php?rest_route=\/wp\/v2\/users\/2"}],"replies":[{"embeddable":true,"href":"https:\/\/zamanturkmenistan.com.tm\/index.php?rest_route=%2Fwp%2Fv2%2Fcomments&post=148828"}],"version-history":[{"count":1,"href":"https:\/\/zamanturkmenistan.com.tm\/index.php?rest_route=\/wp\/v2\/posts\/148828\/revisions"}],"predecessor-version":[{"id":148830,"href":"https:\/\/zamanturkmenistan.com.tm\/index.php?rest_route=\/wp\/v2\/posts\/148828\/revisions\/148830"}],"wp:featuredmedia":[{"embeddable":true,"href":"https:\/\/zamanturkmenistan.com.tm\/index.php?rest_route=\/wp\/v2\/media\/148829"}],"wp:attachment":[{"href":"https:\/\/zamanturkmenistan.com.tm\/index.php?rest_route=%2Fwp%2Fv2%2Fmedia&parent=148828"}],"wp:term":[{"taxonomy":"category","embeddable":true,"href":"https:\/\/zamanturkmenistan.com.tm\/index.php?rest_route=%2Fwp%2Fv2%2Fcategories&post=148828"},{"taxonomy":"post_tag","embeddable":true,"href":"https:\/\/zamanturkmenistan.com.tm\/index.php?rest_route=%2Fwp%2Fv2%2Ftags&post=148828"}],"curies":[{"name":"wp","href":"https:\/\/api.w.org\/{rel}","templated":true}]}}