{"id":148863,"date":"2025-10-17T16:26:46","date_gmt":"2025-10-17T11:26:46","guid":{"rendered":"https:\/\/zamanturkmenistan.com.tm\/?p=148863"},"modified":"2025-10-17T17:08:15","modified_gmt":"2025-10-17T12:08:15","slug":"kop-peydaly-osumlik","status":"publish","type":"post","link":"https:\/\/zamanturkmenistan.com.tm\/?p=148863","title":{"rendered":"BYD &#8220;asman otlusyny&#8221; i\u015fe girizdi"},"content":{"rendered":"<p>Hyta\u00fdy\u0148 BYD kompani\u00fdasy Brazili\u00fdany\u0148 i\u0148 uly \u015f\u00e4herlerini\u0148 biri San-Pauluda 616 \u00fdolag\u00e7a ni\u00fdetlenen \u201cSkyRail\u201d (asman otlusy) atly otlyny i\u015fe girizdi. Awtoulag \u00f6nd\u00fcrijisi \u00fdakynda Brazili\u00fdadaky San-Paulu metrosyny\u0148 17-nji Altyn lini\u00fdasynda \u00fcst\u00fcnlikli synag ge\u00e7irdi. BYD-ny\u0148 we direktorlar ge\u0148e\u015fini\u0148 ba\u015flygy Wan \u00c7uanfu otlyny\u0148 hereketini \u00f6z \u00fderinde synagdan ge\u00e7irdi.<br \/>\nBYD kompani\u00fdasy tarapyndan gurlan bu taslamany\u0148 umumy uzynlygy, takmynan, 6,7 kilometre barabardyr. \u201cAsman otlusy\u201d kompani\u00fdany\u0148 \u201cYun\u201d atly tehnologi\u00fdasy esasynda gurlup, her biri 5 wagondan ybarat bolan 14 sany otly toplumy \u00f6z i\u00e7ine al\u00fdar. \u015ee\u00fdle hem otlularda ma\u00fdyplar \u00fc\u00e7in a\u00fdratyn \u00fderler g\u00f6z \u00f6\u0148\u00fcnde tutulypdyr. T\u00e4ze lini\u00fdany\u0148 resmi a\u00e7yly\u015fy 2026-njy \u00fdyla me\u00fdille\u015fdirilip, her g\u00fcnde 100 m\u00fc\u0148 \u00fdolag\u00e7yny gatnatmaga m\u00fcmkin\u00e7iligi bar.<br \/>\n\u201cSkyRail\u201d taslamasy be\u00fdleki iki metro lini\u00fdasy bilen birle\u015fdiriler, bu bolsa San-Pauluny\u0148 ulag ulgamyny ep-esli gowulandyrar we \u015f\u00e4her ilatyny\u0148 gatnawyny has amatly eder. \u00abBYD Brazil SkyRail\u00bb-i\u0148 tehniki direktory Aleksandr Barbosa bu taslamany\u0148 Brazili\u00fdada jemgy\u00fdet\u00e7ilik ulagyny\u0148 \u00f6s\u00fc\u015finde m\u00f6h\u00fcm orun e\u00fdele\u00fd\u00e4ndigini bell\u00e4p, kompani\u00fdany\u0148 innowasi\u00fda arkaly ekologi\u00fda ta\u00fddan arassa \u015f\u00e4her ulagyny \u00f6sd\u00fcrm\u00e4ge ygrarlydygyny tassyklady.<\/p>\n","protected":false},"excerpt":{"rendered":"<p>Hyta\u00fdy\u0148 BYD kompani\u00fdasy Brazili\u00fdany\u0148 i\u0148 uly \u015f\u00e4herlerini\u0148 biri San-Pauluda 616 \u00fdolag\u00e7a ni\u00fdetlenen \u201cSkyRail\u201d (asman otlusy) atly otlyny i\u015fe girizdi. Awtoulag \u00f6nd\u00fcrijisi \u00fdakynda Brazili\u00fdadaky San-Paulu metrosyny\u0148 17-nji Altyn lini\u00fdasynda \u00fcst\u00fcnlikli synag ge\u00e7irdi. BYD-ny\u0148 we direktorlar ge\u0148e\u015fini\u0148 ba\u015flygy Wan \u00c7uanfu otlyny\u0148 hereketini \u00f6z \u00fderinde synagdan ge\u00e7irdi. BYD kompani\u00fdasy tarapyndan gurlan bu taslamany\u0148 umumy uzynlygy, takmynan, 6,7 kilometre [&hellip;]<\/p>\n","protected":false},"author":2,"featured_media":148898,"comment_status":"open","ping_status":"closed","sticky":false,"template":"","format":"standard","meta":{"footnotes":""},"categories":[8],"tags":[],"acf":[],"_links":{"self":[{"href":"https:\/\/zamanturkmenistan.com.tm\/index.php?rest_route=\/wp\/v2\/posts\/148863"}],"collection":[{"href":"https:\/\/zamanturkmenistan.com.tm\/index.php?rest_route=\/wp\/v2\/posts"}],"about":[{"href":"https:\/\/zamanturkmenistan.com.tm\/index.php?rest_route=\/wp\/v2\/types\/post"}],"author":[{"embeddable":true,"href":"https:\/\/zamanturkmenistan.com.tm\/index.php?rest_route=\/wp\/v2\/users\/2"}],"replies":[{"embeddable":true,"href":"https:\/\/zamanturkmenistan.com.tm\/index.php?rest_route=%2Fwp%2Fv2%2Fcomments&post=148863"}],"version-history":[{"count":3,"href":"https:\/\/zamanturkmenistan.com.tm\/index.php?rest_route=\/wp\/v2\/posts\/148863\/revisions"}],"predecessor-version":[{"id":148899,"href":"https:\/\/zamanturkmenistan.com.tm\/index.php?rest_route=\/wp\/v2\/posts\/148863\/revisions\/148899"}],"wp:featuredmedia":[{"embeddable":true,"href":"https:\/\/zamanturkmenistan.com.tm\/index.php?rest_route=\/wp\/v2\/media\/148898"}],"wp:attachment":[{"href":"https:\/\/zamanturkmenistan.com.tm\/index.php?rest_route=%2Fwp%2Fv2%2Fmedia&parent=148863"}],"wp:term":[{"taxonomy":"category","embeddable":true,"href":"https:\/\/zamanturkmenistan.com.tm\/index.php?rest_route=%2Fwp%2Fv2%2Fcategories&post=148863"},{"taxonomy":"post_tag","embeddable":true,"href":"https:\/\/zamanturkmenistan.com.tm\/index.php?rest_route=%2Fwp%2Fv2%2Ftags&post=148863"}],"curies":[{"name":"wp","href":"https:\/\/api.w.org\/{rel}","templated":true}]}}