{"id":148873,"date":"2025-10-17T16:51:14","date_gmt":"2025-10-17T11:51:14","guid":{"rendered":"https:\/\/zamanturkmenistan.com.tm\/?p=148873"},"modified":"2025-10-17T16:51:14","modified_gmt":"2025-10-17T11:51:14","slug":"ucyan-taksi-hyzmaty-yola-goylar","status":"publish","type":"post","link":"https:\/\/zamanturkmenistan.com.tm\/?p=148873","title":{"rendered":"U\u00e7\u00fdan taksi hyzmaty \u00fdola go\u00fdlar"},"content":{"rendered":"<p>\u00abArcher\u00bb kom\u00adpa\u00adni\u00ad\u00fda\u00adsy dik\u00adli\u00adgi\u00adne u\u00e7up hem go\u00adnup bil\u00ad\u00fd\u00e4n \u00abMid\u00adnight\u00bb at\u00adly ula\u00adgy\u00adny\u0148 gel\u00adjek \u00fdyl\u00addan ba\u015f\u00adlap Bir\u00adle\u00ad\u015fen Arap Emir\u00adlik\u00adle\u00adrin\u00adde hyz\u00adma\u00adta h\u00f6\u00add\u00fcr\u00adlen\u00adjek\u00addi\u00adgi\u00adni m\u00e4\u00adlim et\u00addi. Bu ba\u00adra\u00adda Du\u00adba\u00fd \u015f\u00e4\u00adhe\u00adrin\u00adde ge\u00ad\u00e7i\u00adril\u00ad\u00fd\u00e4n \u00abGI\u00adTEX Glo\u00adbal\u00bb at\u00adly teh\u00adno\u00adlo\u00adgi\u00ad\u00fda ser\u00adgi\u00adsin\u00adde ha\u00adbar be\u00adril\u00addi. 45-nji ge\u00adzek ge\u00ad\u00e7i\u00adril\u00ad\u00fd\u00e4n ser\u00adg\u00e4 180 \u00fdurt\u00addan 6 m\u00fc\u0148 800-den gow\u00adrak kom\u00adpa\u00adni\u00ad\u00fda gat\u00adna\u015f\u00ad\u00fdar. \u015eu g\u00fcn ta\u00admam\u00adlan\u00ad\u00fdan ser\u00adgi\u00adni\u0148 \u00e7\u00e4k\u00adle\u00adrin\u00adde bir\u00adn\u00e4\u00ad\u00e7e kom\u00adpa\u00adni\u00ad\u00fda eme\u00adli a\u0148, ki\u00adber\u00adhowp\u00adsuz\u00adlyk we be\u00fd\u00adle\u00adki ugur\u00adlar\u00adda\u00adky ha\u00adryt\u00adla\u00adry\u00adny hem-de hyz\u00admat\u00adla\u00adry\u00adny g\u00f6r\u00adkez\u00ad\u00fd\u00e4r\u00adler. Bu \u00fder\u00adde ta\u00adny\u015f\u00addy\u00adry\u00adlan \u00abMid\u00adnight\u00bb ula\u00adgy do\u00adlu\u00adly\u00adgy\u00adna elekt\u00adrik ener\u00adgi\u00ad\u00fda\u00adsy bi\u00adlen i\u015f\u00adl\u00e4p, bir ge\u00adzek\u00adki zar\u00ad\u00fda\u00addy bi\u00adlen 160 ki\u00adlo\u00admetr \u00fdol ge\u00ad\u00e7ip bil\u00ad\u00fd\u00e4r.<\/p>\n<p style=\"text-align: right;\">G\u00fcljeren I\u015eANGULY\u00ddEWA,<br \/>\nT\u00fcrkmenistany\u0148 Telekommunikasi\u00fdalar we informatika institutyny\u0148 mugallymy.<\/p>\n","protected":false},"excerpt":{"rendered":"<p>\u00abArcher\u00bb kom\u00adpa\u00adni\u00ad\u00fda\u00adsy dik\u00adli\u00adgi\u00adne u\u00e7up hem go\u00adnup bil\u00ad\u00fd\u00e4n \u00abMid\u00adnight\u00bb at\u00adly ula\u00adgy\u00adny\u0148 gel\u00adjek \u00fdyl\u00addan ba\u015f\u00adlap Bir\u00adle\u00ad\u015fen Arap Emir\u00adlik\u00adle\u00adrin\u00adde hyz\u00adma\u00adta h\u00f6\u00add\u00fcr\u00adlen\u00adjek\u00addi\u00adgi\u00adni m\u00e4\u00adlim et\u00addi. Bu ba\u00adra\u00adda Du\u00adba\u00fd \u015f\u00e4\u00adhe\u00adrin\u00adde ge\u00ad\u00e7i\u00adril\u00ad\u00fd\u00e4n \u00abGI\u00adTEX Glo\u00adbal\u00bb at\u00adly teh\u00adno\u00adlo\u00adgi\u00ad\u00fda ser\u00adgi\u00adsin\u00adde ha\u00adbar be\u00adril\u00addi. 45-nji ge\u00adzek ge\u00ad\u00e7i\u00adril\u00ad\u00fd\u00e4n ser\u00adg\u00e4 180 \u00fdurt\u00addan 6 m\u00fc\u0148 800-den gow\u00adrak kom\u00adpa\u00adni\u00ad\u00fda gat\u00adna\u015f\u00ad\u00fdar. \u015eu g\u00fcn ta\u00admam\u00adlan\u00ad\u00fdan ser\u00adgi\u00adni\u0148 \u00e7\u00e4k\u00adle\u00adrin\u00adde bir\u00adn\u00e4\u00ad\u00e7e kom\u00adpa\u00adni\u00ad\u00fda eme\u00adli a\u0148, ki\u00adber\u00adhowp\u00adsuz\u00adlyk we [&hellip;]<\/p>\n","protected":false},"author":2,"featured_media":148874,"comment_status":"open","ping_status":"closed","sticky":false,"template":"","format":"standard","meta":{"footnotes":""},"categories":[5],"tags":[],"acf":[],"_links":{"self":[{"href":"https:\/\/zamanturkmenistan.com.tm\/index.php?rest_route=\/wp\/v2\/posts\/148873"}],"collection":[{"href":"https:\/\/zamanturkmenistan.com.tm\/index.php?rest_route=\/wp\/v2\/posts"}],"about":[{"href":"https:\/\/zamanturkmenistan.com.tm\/index.php?rest_route=\/wp\/v2\/types\/post"}],"author":[{"embeddable":true,"href":"https:\/\/zamanturkmenistan.com.tm\/index.php?rest_route=\/wp\/v2\/users\/2"}],"replies":[{"embeddable":true,"href":"https:\/\/zamanturkmenistan.com.tm\/index.php?rest_route=%2Fwp%2Fv2%2Fcomments&post=148873"}],"version-history":[{"count":1,"href":"https:\/\/zamanturkmenistan.com.tm\/index.php?rest_route=\/wp\/v2\/posts\/148873\/revisions"}],"predecessor-version":[{"id":148875,"href":"https:\/\/zamanturkmenistan.com.tm\/index.php?rest_route=\/wp\/v2\/posts\/148873\/revisions\/148875"}],"wp:featuredmedia":[{"embeddable":true,"href":"https:\/\/zamanturkmenistan.com.tm\/index.php?rest_route=\/wp\/v2\/media\/148874"}],"wp:attachment":[{"href":"https:\/\/zamanturkmenistan.com.tm\/index.php?rest_route=%2Fwp%2Fv2%2Fmedia&parent=148873"}],"wp:term":[{"taxonomy":"category","embeddable":true,"href":"https:\/\/zamanturkmenistan.com.tm\/index.php?rest_route=%2Fwp%2Fv2%2Fcategories&post=148873"},{"taxonomy":"post_tag","embeddable":true,"href":"https:\/\/zamanturkmenistan.com.tm\/index.php?rest_route=%2Fwp%2Fv2%2Ftags&post=148873"}],"curies":[{"name":"wp","href":"https:\/\/api.w.org\/{rel}","templated":true}]}}