{"id":149102,"date":"2025-10-19T11:10:57","date_gmt":"2025-10-19T06:10:57","guid":{"rendered":"https:\/\/zamanturkmenistan.com.tm\/?p=149102"},"modified":"2025-10-19T11:10:57","modified_gmt":"2025-10-19T06:10:57","slug":"turkmenistanyn-azerbayjan-respublikasyndaky-medeniyet-gunleri-gecirildi","status":"publish","type":"post","link":"https:\/\/zamanturkmenistan.com.tm\/?p=149102","title":{"rendered":"T\u00fcrkmenistany\u0148 Azerba\u00fdjan Respublikasyndaky Medeni\u00fdet g\u00fcnleri ge\u00e7irildi"},"content":{"rendered":"<p>13-15-nji okt\u00fdabr aralygynda Baku we Genje \u015f\u00e4herlerinde T\u00fcrkmenistany\u0148 Azerba\u00fdjan Respublikasyndaky Medeni\u00fdet g\u00fcnleri ge\u00e7irildi.<br \/>\n13-nji okt\u00fdabrda T\u00fcrkmenistany\u0148 medeni\u00fdet wekili\u00fdetini\u0148 Azerba\u00fdjana saparyny\u0148 \u00e7\u00e4klerinde Azerba\u00fdjan Respublikasyny\u0148 Medeni\u00fdet ministri Adil Kerimlini\u0148 we T\u00fcrkmenistany\u0148 Medeni\u00fdet ministrini\u0148 orunbasary Nursahet \u015eirimowy\u0148 arasynda du\u015fu\u015fyk ge\u00e7irildi. Du\u015fu\u015fykda taraplar iki \u00fdurdu\u0148 arasyndaky dostlukly gatna\u015fyklary, medeni we ynsanperwer hyzmatda\u015flygy has-da \u00f6sd\u00fcrmek, muze\u00fdler we medeni merkezleri\u0148 arasyndaky gatna\u015fyklary gi\u0148eltmek bo\u00fdun\u00e7a meseleleri ara alyp maslahatla\u015fdylar.<br \/>\n\u015ee\u00fdle-de, \u015fol g\u00fcn Baku \u015f\u00e4herind\u00e4ki Ge\u00fddar Ali\u00fdew merkezinde T\u00fcrkmenistany\u0148 Medeni\u00fdet g\u00fcnlerini\u0148 a\u00e7yly\u015f dabarasy ge\u00e7irildi. A\u00e7yly\u015f Dabara Azerba\u00fdjan Respublikasyny\u0148 Medeni\u00fdet ministri, Azerba\u00fdjany\u0148 Ylymlar akademi\u00fdasyny\u0148 Prezidenti, \u00fdurdu\u0148 Milli Mejlisini\u0148 deputatlary, diplomatik korpusy\u0148 wekilleri, jemgy\u00fdet\u00e7ilik guramalaryny\u0148 we \u00f6\u0148debaryjy k\u00f6p\u00e7\u00fclikle\u00fdin habar beri\u015f seri\u015fdelerini\u0148 wekilleri, d\u00f6redijilik i\u015fg\u00e4rleri hem-de \u015f\u00e4heri\u0148 k\u00f6psanly \u00fda\u015fa\u00fdjylary gatna\u015fdylar.<br \/>\nA\u00e7yly\u015f dabarasyny\u0148 \u00e7\u00e4klerinde \u201cArkadagdan arkaly t\u00fcrkmen milli mirasy\u201d atly sergi guraldy. Sergide \u00fdurdumyzy\u0148 muze\u00fdlerini\u0148 gymmatly eksponatlary, halk amaly-ha\u015fam sungatyny\u0148, milli ge\u00fdimleri\u0148, haly\u00e7ylyk hem-de surat eserlerini\u0148 nusgalary g\u00f6rkezildi. \u015ee\u00fdle hem fotosergi b\u00f6l\u00fcminde t\u00fcrkmen halkyny\u0148 taryhyny, t\u00fcrkmen durmu\u015fyny\u0148 d\u00e4p-dessurlaryny we t\u00fcrkmen tebigatyny be\u00fdan ed\u00fd\u00e4n suratlar \u00fderle\u015fdirildi.<br \/>\nSo\u0148ra Ge\u00fddar Ali\u00fdew merkezini\u0148 sahnasynda T\u00fcrkmenistany\u0148 medeni\u00fdet we sungat ussatlaryny\u0148 ba\u00fdram\u00e7ylyk konserti ge\u00e7irildi. Konsertde d\u00f6wlet tans toparlary, T\u00fcrkmenistany\u0148 halk artistleri, sazandalary hem-de a\u00fddym\u00e7ylary \u00e7yky\u015f etdiler. Milli saz gurallary bilen \u00fderine \u00fdetirilen \u00e7yky\u015flar toma\u015fa\u00e7ylary\u0148 gyzgyn el \u00e7arpy\u015fmalary bilen gar\u015fylandy.<br \/>\n14-nji okt\u00fdabrda Azerba\u00fdjany\u0148 Milli kitaphanasynda \u201cT\u00fcrkmen edebi\u00fdatyny\u0148 bur\u00e7y\u201d a\u00e7yldy. Bu b\u00f6l\u00fcmde \u00fdurdumyzy\u0148 medeni\u00fdeti, taryhy hem-de edebi\u00fdaty bilen bagly kitaplar, ne\u015firler we ylmy i\u015fleri\u0148 toplumy g\u00f6rkezildi. \u00c7\u00e4rede iki \u00fdurdu\u0148 arasyndaky edebi gatna\u015fyklary has-da gi\u0148eltmek \u00fc\u00e7in edilen i\u015fler, \u015fol sanda doganlyk halklary\u0148 dillerinde edebi eserleri\u0148 \u00f6zara ne\u015fir edilmegi \u00fdaly meseleler ara alnyp maslahatla\u015fyldy.<br \/>\n\u015ee\u00fdle-de, \u015fol g\u00fcn Baku \u015f\u00e4herini\u0148 De\u0148iz kenary se\u00fdilg\u00e4hinde T\u00fcrkmenistany\u0148 milli tagamlaryny\u0148 pawil\u00fdony a\u00e7yldy. Pawil\u00fdonda t\u00fcrkmen milli tagamlary, s\u00fc\u00fdji-\u00e7\u00f6rek \u00f6n\u00fcmleri hem-de a\u015fhana d\u00e4pleri g\u00f6rkezildi. Pawil\u00fdony\u0148 \u00f6\u0148\u00fcnde T\u00fcrkmenistany\u0148 medeni\u00fdet we sungat ussatlaryny\u0148 \u00e7yky\u015flary \u00fderine \u00fdetirildi.<br \/>\n15-nji okt\u00fdabrda Genje \u015f\u00e4herind\u00e4ki Fikret Amirow adyndaky D\u00f6wlet filarmoni\u00fdasynda T\u00fcrkmenistany\u0148 Medeni\u00fdet g\u00fcnlerini\u0148 \u00fdapyly\u015f dabarasy boldy. Bu \u00fderde T\u00fcrkmenistany\u0148 we Azerba\u00fdjany\u0148 medeni\u00fdet we sungat ussatlaryny\u0148 bilelikd\u00e4ki konserti ge\u00e7irildi. Medeni\u00fdet g\u00fcnlerini\u0148 \u00fdapyly\u015f dabarasynda azerba\u00fdjan tarapy T\u00fcrkmenistany\u0148 Medeni\u00fdet ministrligine we \u00e7yky\u015f eden d\u00f6redijilik toparlaryna \u00fdokary h\u00fcn\u00e4r derejeli ta\u00fd\u00fdarlykly \u00e7yky\u015flary \u00fc\u00e7in \u00f6z\u00fcni\u0148 ho\u015fallygyny bildirdi. \u00d6z gezeginde T\u00fcrkmenistany\u0148 medeni\u00fdet wekili\u00fdeti azerba\u00fdjan tarapyna berlen \u00fdardamlar we g\u00f6rkezilen myhmans\u00f6\u00fderlik \u00fc\u00e7in ho\u015fallygyny bildirdi.<\/p>\n","protected":false},"excerpt":{"rendered":"<p>13-15-nji okt\u00fdabr aralygynda Baku we Genje \u015f\u00e4herlerinde T\u00fcrkmenistany\u0148 Azerba\u00fdjan Respublikasyndaky Medeni\u00fdet g\u00fcnleri ge\u00e7irildi. 13-nji okt\u00fdabrda T\u00fcrkmenistany\u0148 medeni\u00fdet wekili\u00fdetini\u0148 Azerba\u00fdjana saparyny\u0148 \u00e7\u00e4klerinde Azerba\u00fdjan Respublikasyny\u0148 Medeni\u00fdet ministri Adil Kerimlini\u0148 we T\u00fcrkmenistany\u0148 Medeni\u00fdet ministrini\u0148 orunbasary Nursahet \u015eirimowy\u0148 arasynda du\u015fu\u015fyk ge\u00e7irildi. Du\u015fu\u015fykda taraplar iki \u00fdurdu\u0148 arasyndaky dostlukly gatna\u015fyklary, medeni we ynsanperwer hyzmatda\u015flygy has-da \u00f6sd\u00fcrmek, muze\u00fdler we medeni merkezleri\u0148 arasyndaky [&hellip;]<\/p>\n","protected":false},"author":2,"featured_media":149103,"comment_status":"open","ping_status":"closed","sticky":false,"template":"","format":"standard","meta":{"footnotes":""},"categories":[3],"tags":[],"acf":[],"_links":{"self":[{"href":"https:\/\/zamanturkmenistan.com.tm\/index.php?rest_route=\/wp\/v2\/posts\/149102"}],"collection":[{"href":"https:\/\/zamanturkmenistan.com.tm\/index.php?rest_route=\/wp\/v2\/posts"}],"about":[{"href":"https:\/\/zamanturkmenistan.com.tm\/index.php?rest_route=\/wp\/v2\/types\/post"}],"author":[{"embeddable":true,"href":"https:\/\/zamanturkmenistan.com.tm\/index.php?rest_route=\/wp\/v2\/users\/2"}],"replies":[{"embeddable":true,"href":"https:\/\/zamanturkmenistan.com.tm\/index.php?rest_route=%2Fwp%2Fv2%2Fcomments&post=149102"}],"version-history":[{"count":1,"href":"https:\/\/zamanturkmenistan.com.tm\/index.php?rest_route=\/wp\/v2\/posts\/149102\/revisions"}],"predecessor-version":[{"id":149104,"href":"https:\/\/zamanturkmenistan.com.tm\/index.php?rest_route=\/wp\/v2\/posts\/149102\/revisions\/149104"}],"wp:featuredmedia":[{"embeddable":true,"href":"https:\/\/zamanturkmenistan.com.tm\/index.php?rest_route=\/wp\/v2\/media\/149103"}],"wp:attachment":[{"href":"https:\/\/zamanturkmenistan.com.tm\/index.php?rest_route=%2Fwp%2Fv2%2Fmedia&parent=149102"}],"wp:term":[{"taxonomy":"category","embeddable":true,"href":"https:\/\/zamanturkmenistan.com.tm\/index.php?rest_route=%2Fwp%2Fv2%2Fcategories&post=149102"},{"taxonomy":"post_tag","embeddable":true,"href":"https:\/\/zamanturkmenistan.com.tm\/index.php?rest_route=%2Fwp%2Fv2%2Ftags&post=149102"}],"curies":[{"name":"wp","href":"https:\/\/api.w.org\/{rel}","templated":true}]}}