{"id":149110,"date":"2025-10-19T11:17:29","date_gmt":"2025-10-19T06:17:29","guid":{"rendered":"https:\/\/zamanturkmenistan.com.tm\/?p=149110"},"modified":"2025-10-19T11:17:29","modified_gmt":"2025-10-19T06:17:29","slug":"asgabatda-turkmenistanyn-we-gazagystan-respublikasynyn-arasyndaky-hyzmatdaslygyn-mohum-meseleleri-ara-alnyp-maslahatlasyldy","status":"publish","type":"post","link":"https:\/\/zamanturkmenistan.com.tm\/?p=149110","title":{"rendered":"A\u015fgabatda T\u00fcrkmenistany\u0148 we Gazagystan Respublikasyny\u0148 arasyndaky hyzmatda\u015flygy\u0148 m\u00f6h\u00fcm meseleleri ara alnyp maslahatla\u015fyldy"},"content":{"rendered":"<p>17-nji okt\u00fdabrda A\u015fgabat \u015f\u00e4herinde T\u00fcrkmenistany\u0148 Ministrler Kabinetini\u0148 Ba\u015flygyny\u0148 orunbasary, Da\u015fary i\u015fler ministri Ra\u015fid Meredow bilen Gazagystan Respublikasyny\u0148 Prem\u00fder-ministrini\u0148 orunbasary \u2013 H\u00f6k\u00fcmetini\u0148 Diwanyny\u0148 \u00fdolba\u015f\u00e7ysy Galymjan Ko\u00fd\u015fyba\u00fdewi\u0148 arasynda du\u015fu\u015fyk ge\u00e7irildi.<br \/>\nDu\u015fu\u015fygy\u0148 dowamynda taraplar T\u00fcrkmenistany\u0148 hem-de Gazagystan Respublikasyny\u0148 arasyndaky sy\u00fdasy-diplomatik, s\u00f6wda-ykdysady we medeni-gumanitar ugurlardaky hyzmatda\u015flyk meselelerini ara alyp maslahatla\u015fdylar.<br \/>\nIkitarapla\u00fdyn gatna\u015fyklary\u0148 yzygiderli \u00f6sd\u00fcrilmeginde \u00fdokary we i\u0148 \u00fdokary derejed\u00e4ki yzygiderli saparlary\u0148 we geple\u015fikleri\u0148 m\u00f6h\u00fcm orun e\u00fdele\u00fd\u00e4ndigi a\u00fdratyn nygtaldy.<br \/>\nTaraplar \u015fu \u00fdyl ge\u00e7irilmegi me\u00fdille\u015fdiril\u00fd\u00e4n birn\u00e4\u00e7e ikitarapla\u00fdyn \u00e7\u00e4releri\u0148, \u015fol sanda Ykdysady, ylmy-tehniki we medeni hyzmatda\u015flyk bo\u00fdun\u00e7a h\u00f6k\u00fcmetara t\u00fcrkmen-gazak toparyny\u0148 nobatdaky mejlisine ta\u00fd\u00fdarlyk meselelerini ara alyp maslahatla\u015fdylar.<br \/>\nGeple\u015fikleri\u0148 dowamynda iki \u00fdurdu\u0148 sebit we halkara formatlarynda alnyp baryl\u00fdan hyzmatda\u015flygyna \u00fdokary baha berildi.<\/p>\n","protected":false},"excerpt":{"rendered":"<p>17-nji okt\u00fdabrda A\u015fgabat \u015f\u00e4herinde T\u00fcrkmenistany\u0148 Ministrler Kabinetini\u0148 Ba\u015flygyny\u0148 orunbasary, Da\u015fary i\u015fler ministri Ra\u015fid Meredow bilen Gazagystan Respublikasyny\u0148 Prem\u00fder-ministrini\u0148 orunbasary \u2013 H\u00f6k\u00fcmetini\u0148 Diwanyny\u0148 \u00fdolba\u015f\u00e7ysy Galymjan Ko\u00fd\u015fyba\u00fdewi\u0148 arasynda du\u015fu\u015fyk ge\u00e7irildi. Du\u015fu\u015fygy\u0148 dowamynda taraplar T\u00fcrkmenistany\u0148 hem-de Gazagystan Respublikasyny\u0148 arasyndaky sy\u00fdasy-diplomatik, s\u00f6wda-ykdysady we medeni-gumanitar ugurlardaky hyzmatda\u015flyk meselelerini ara alyp maslahatla\u015fdylar. Ikitarapla\u00fdyn gatna\u015fyklary\u0148 yzygiderli \u00f6sd\u00fcrilmeginde \u00fdokary we i\u0148 \u00fdokary derejed\u00e4ki [&hellip;]<\/p>\n","protected":false},"author":2,"featured_media":149111,"comment_status":"open","ping_status":"closed","sticky":false,"template":"","format":"standard","meta":{"footnotes":""},"categories":[3],"tags":[],"acf":[],"_links":{"self":[{"href":"https:\/\/zamanturkmenistan.com.tm\/index.php?rest_route=\/wp\/v2\/posts\/149110"}],"collection":[{"href":"https:\/\/zamanturkmenistan.com.tm\/index.php?rest_route=\/wp\/v2\/posts"}],"about":[{"href":"https:\/\/zamanturkmenistan.com.tm\/index.php?rest_route=\/wp\/v2\/types\/post"}],"author":[{"embeddable":true,"href":"https:\/\/zamanturkmenistan.com.tm\/index.php?rest_route=\/wp\/v2\/users\/2"}],"replies":[{"embeddable":true,"href":"https:\/\/zamanturkmenistan.com.tm\/index.php?rest_route=%2Fwp%2Fv2%2Fcomments&post=149110"}],"version-history":[{"count":1,"href":"https:\/\/zamanturkmenistan.com.tm\/index.php?rest_route=\/wp\/v2\/posts\/149110\/revisions"}],"predecessor-version":[{"id":149112,"href":"https:\/\/zamanturkmenistan.com.tm\/index.php?rest_route=\/wp\/v2\/posts\/149110\/revisions\/149112"}],"wp:featuredmedia":[{"embeddable":true,"href":"https:\/\/zamanturkmenistan.com.tm\/index.php?rest_route=\/wp\/v2\/media\/149111"}],"wp:attachment":[{"href":"https:\/\/zamanturkmenistan.com.tm\/index.php?rest_route=%2Fwp%2Fv2%2Fmedia&parent=149110"}],"wp:term":[{"taxonomy":"category","embeddable":true,"href":"https:\/\/zamanturkmenistan.com.tm\/index.php?rest_route=%2Fwp%2Fv2%2Fcategories&post=149110"},{"taxonomy":"post_tag","embeddable":true,"href":"https:\/\/zamanturkmenistan.com.tm\/index.php?rest_route=%2Fwp%2Fv2%2Ftags&post=149110"}],"curies":[{"name":"wp","href":"https:\/\/api.w.org\/{rel}","templated":true}]}}