{"id":149516,"date":"2025-10-24T11:22:03","date_gmt":"2025-10-24T06:22:03","guid":{"rendered":"https:\/\/zamanturkmenistan.com.tm\/?p=149516"},"modified":"2025-10-24T11:22:03","modified_gmt":"2025-10-24T06:22:03","slug":"gurbannazar-ezizowyn-doglan-gununin-85-yyllygy-bellener","status":"publish","type":"post","link":"https:\/\/zamanturkmenistan.com.tm\/?p=149516","title":{"rendered":"Gurbannazar Ezizowy\u0148 doglan g\u00fcn\u00fcni\u0148 85 \u00fdyllygy bellener"},"content":{"rendered":"<p>23-nji okt\u00fdabrda hormatly Prezidentimiz Serdar Berdimuhamedow sanly ulgam arkaly Ministrler Kabinetini\u0148 nobatdaky mejlisini ge\u00e7irdi. Onda \u00fdurdumyzy\u0148 d\u00f6wlet durmu\u015fyna degi\u015fli birn\u00e4\u00e7e meselelere seredildi.<br \/>\nMejlisde Ministrler Kabinetini\u0148 Ba\u015flygyny\u0148 orunbasary B.Se\u00fdidowa \u015fu \u00fdyly\u0148 no\u00fdabr a\u00fdynda ge\u00e7iriljek esasy \u00e7\u00e4releri\u0148 Tertibi barada hasabat berdi.<br \/>\nBellenili\u015fi \u00fdaly, geljek a\u00fdda Halkara parahat\u00e7ylyk we ynany\u015fmak \u00fdyly, Gurlu\u015fyk we senagat toplumyny\u0148 i\u015fg\u00e4rlerini\u0148 g\u00fcni hem-de Hasyl to\u00fdy mynasybetli maslahatlary\u0148, d\u00f6redijilik du\u015fu\u015fyklaryny\u0148, sergileri\u0148 we ba\u00fdram\u00e7ylyk konsertini\u0148, \u015fe\u00fdle hem t\u00e4ze desgalary\u0148 a\u00e7yly\u015f dabaralaryny\u0148 ge\u00e7irilmegi me\u00fdille\u015fdiril\u00fd\u00e4r.<br \/>\n\u015eunu\u0148 bilen bir hatarda, no\u00fdabr a\u00fdynda T\u00fcrkmenistany\u0148 halk \u00fdazyjysy, Magtymguly adyndaky d\u00f6wlet ba\u00fdragyny\u0148 e\u00fdesi Gurbannazar Ezizowy\u0148 doglan g\u00fcn\u00fcni\u0148 85 \u00fdyllygy mynasybetli a\u00fddym-sazly dabara guralar. \u015eunu\u0148 bilen baglylykda, wise-prem\u00fder d\u00f6wlet Ba\u015ftutanymyzy\u0148 garamagyna degi\u015fli teklibi h\u00f6d\u00fcrledi.<br \/>\nHormatly Prezidentimiz Serdar Berdimuhamedow hasabaty di\u0148l\u00e4p, \u00fdurdumyzda bellen\u00fd\u00e4n ba\u00fdramlar bilen bagly no\u00fdabr a\u00fdynda ge\u00e7iriljek esasy \u00e7\u00e4relere gowy ta\u00fd\u00fdarlyk g\u00f6rmegi\u0148, ulanmaga beril\u00fd\u00e4n desgalary\u0148 a\u00e7yly\u015f dabaralaryny \u00fdokary derejede ge\u00e7irmegi\u0148 m\u00f6h\u00fcmdigini belledi.<\/p>\n","protected":false},"excerpt":{"rendered":"<p>23-nji okt\u00fdabrda hormatly Prezidentimiz Serdar Berdimuhamedow sanly ulgam arkaly Ministrler Kabinetini\u0148 nobatdaky mejlisini ge\u00e7irdi. Onda \u00fdurdumyzy\u0148 d\u00f6wlet durmu\u015fyna degi\u015fli birn\u00e4\u00e7e meselelere seredildi. Mejlisde Ministrler Kabinetini\u0148 Ba\u015flygyny\u0148 orunbasary B.Se\u00fdidowa \u015fu \u00fdyly\u0148 no\u00fdabr a\u00fdynda ge\u00e7iriljek esasy \u00e7\u00e4releri\u0148 Tertibi barada hasabat berdi. Bellenili\u015fi \u00fdaly, geljek a\u00fdda Halkara parahat\u00e7ylyk we ynany\u015fmak \u00fdyly, Gurlu\u015fyk we senagat toplumyny\u0148 i\u015fg\u00e4rlerini\u0148 g\u00fcni hem-de [&hellip;]<\/p>\n","protected":false},"author":2,"featured_media":128465,"comment_status":"open","ping_status":"closed","sticky":false,"template":"","format":"standard","meta":{"footnotes":""},"categories":[3],"tags":[],"acf":[],"_links":{"self":[{"href":"https:\/\/zamanturkmenistan.com.tm\/index.php?rest_route=\/wp\/v2\/posts\/149516"}],"collection":[{"href":"https:\/\/zamanturkmenistan.com.tm\/index.php?rest_route=\/wp\/v2\/posts"}],"about":[{"href":"https:\/\/zamanturkmenistan.com.tm\/index.php?rest_route=\/wp\/v2\/types\/post"}],"author":[{"embeddable":true,"href":"https:\/\/zamanturkmenistan.com.tm\/index.php?rest_route=\/wp\/v2\/users\/2"}],"replies":[{"embeddable":true,"href":"https:\/\/zamanturkmenistan.com.tm\/index.php?rest_route=%2Fwp%2Fv2%2Fcomments&post=149516"}],"version-history":[{"count":1,"href":"https:\/\/zamanturkmenistan.com.tm\/index.php?rest_route=\/wp\/v2\/posts\/149516\/revisions"}],"predecessor-version":[{"id":149517,"href":"https:\/\/zamanturkmenistan.com.tm\/index.php?rest_route=\/wp\/v2\/posts\/149516\/revisions\/149517"}],"wp:featuredmedia":[{"embeddable":true,"href":"https:\/\/zamanturkmenistan.com.tm\/index.php?rest_route=\/wp\/v2\/media\/128465"}],"wp:attachment":[{"href":"https:\/\/zamanturkmenistan.com.tm\/index.php?rest_route=%2Fwp%2Fv2%2Fmedia&parent=149516"}],"wp:term":[{"taxonomy":"category","embeddable":true,"href":"https:\/\/zamanturkmenistan.com.tm\/index.php?rest_route=%2Fwp%2Fv2%2Fcategories&post=149516"},{"taxonomy":"post_tag","embeddable":true,"href":"https:\/\/zamanturkmenistan.com.tm\/index.php?rest_route=%2Fwp%2Fv2%2Ftags&post=149516"}],"curies":[{"name":"wp","href":"https:\/\/api.w.org\/{rel}","templated":true}]}}