{"id":149518,"date":"2025-10-24T11:24:06","date_gmt":"2025-10-24T06:24:06","guid":{"rendered":"https:\/\/zamanturkmenistan.com.tm\/?p=149518"},"modified":"2025-10-24T11:24:06","modified_gmt":"2025-10-24T06:24:06","slug":"turkmenistanyn-prezidenti-birlesen-milletler-guramasynyn-bas-sekretaryny-gutlady","status":"publish","type":"post","link":"https:\/\/zamanturkmenistan.com.tm\/?p=149518","title":{"rendered":"T\u00fcrkmenistany\u0148 Prezidenti Birle\u015fen Milletler Guramasyny\u0148 Ba\u015f sekretaryny gutlady"},"content":{"rendered":"<p>Hormatly Prezidentimiz Serdar Berdimuhamedow Birle\u015fen Milletler Guramasyny\u0148 Ba\u015f sekretary Antoniu Guterri\u015fe BMG-ni\u0148 d\u00f6redilmegini\u0148 80 \u00fdyllygy mynasybetli t\u00fc\u00fds \u00fd\u00fcrekden gutlaglaryny we i\u0148 gowy arzuwlaryny iberdi.<br \/>\n\u201cGe\u00e7en segsen \u00fdyly\u0148 dowamynda Birle\u015fen Milletler Guramasy parahat\u00e7ylygy, howpsuzlygy we durnukly \u00f6s\u00fc\u015fi \u00fcpj\u00fcn etm\u00e4ge g\u00f6n\u00fckdirilen tagallalary\u0148 birle\u015fdiril\u00fd\u00e4n m\u00f6h\u00fcm merkezine \u00f6wr\u00fcldi. Gurama tarapyndan kabul edilen m\u00f6h\u00fcm resminamalar we durmu\u015fa ge\u00e7irilen ba\u015flangy\u00e7lar h\u00e4zirki zaman halkara gatna\u015fyklaryny\u0148 pugta bin\u00fdadyny d\u00fcz\u00fd\u00e4r\u201d di\u00fdlip, d\u00f6wlet Ba\u015ftutanymyzy\u0148 gutlagynda nygtal\u00fdar.<br \/>\nBirle\u015fen Milletler Guramasy bilen parahat\u00e7ylygy hem-de howpsuzlygy \u00fcpj\u00fcn etmekde, energetika, ulag-aragatna\u015fyk, ekologi\u00fda we durnukly \u00f6s\u00fc\u015f ugurlarynda uzak m\u00f6hletle\u00fdin hyzmatda\u015flyk etmek T\u00fcrkmenistany\u0148 da\u015fary sy\u00fdasatyny\u0148 ileri tutul\u00fdan strategik ugurlaryny\u0148 biridir. T\u00fcrkmenistan Birle\u015fen Milletler Guramasy bilen k\u00f6pugurly hyzmatda\u015flygy \u00f6sd\u00fcrmegi we pugtalandyrmagy dowam etdirer di\u00fdip, hormatly Prezidentimiz belledi.<br \/>\nD\u00f6wlet Ba\u015ftutanymyz m\u00fcmkin\u00e7ilikden pe\u00fddalanyp, jenap Antoniu Guterri\u015fe t\u00fc\u00fds \u00fd\u00fcrekden berk jan saglyk, bagty\u00fdarlyk we abadan\u00e7ylyk arzuw etdi, \u015fe\u00fdle hem BMG-ni\u0148 Sekretariatyny\u0148 \u00e4hli agzybir i\u015fg\u00e4rlerine m\u00e4hirli gutlaglaryny we t\u00e4ze \u00fcst\u00fcnlikler baradaky arzuwlaryny be\u00fdan etdi.<\/p>\n","protected":false},"excerpt":{"rendered":"<p>Hormatly Prezidentimiz Serdar Berdimuhamedow Birle\u015fen Milletler Guramasyny\u0148 Ba\u015f sekretary Antoniu Guterri\u015fe BMG-ni\u0148 d\u00f6redilmegini\u0148 80 \u00fdyllygy mynasybetli t\u00fc\u00fds \u00fd\u00fcrekden gutlaglaryny we i\u0148 gowy arzuwlaryny iberdi. \u201cGe\u00e7en segsen \u00fdyly\u0148 dowamynda Birle\u015fen Milletler Guramasy parahat\u00e7ylygy, howpsuzlygy we durnukly \u00f6s\u00fc\u015fi \u00fcpj\u00fcn etm\u00e4ge g\u00f6n\u00fckdirilen tagallalary\u0148 birle\u015fdiril\u00fd\u00e4n m\u00f6h\u00fcm merkezine \u00f6wr\u00fcldi. Gurama tarapyndan kabul edilen m\u00f6h\u00fcm resminamalar we durmu\u015fa ge\u00e7irilen ba\u015flangy\u00e7lar h\u00e4zirki [&hellip;]<\/p>\n","protected":false},"author":2,"featured_media":57171,"comment_status":"open","ping_status":"closed","sticky":false,"template":"","format":"standard","meta":{"footnotes":""},"categories":[3],"tags":[],"acf":[],"_links":{"self":[{"href":"https:\/\/zamanturkmenistan.com.tm\/index.php?rest_route=\/wp\/v2\/posts\/149518"}],"collection":[{"href":"https:\/\/zamanturkmenistan.com.tm\/index.php?rest_route=\/wp\/v2\/posts"}],"about":[{"href":"https:\/\/zamanturkmenistan.com.tm\/index.php?rest_route=\/wp\/v2\/types\/post"}],"author":[{"embeddable":true,"href":"https:\/\/zamanturkmenistan.com.tm\/index.php?rest_route=\/wp\/v2\/users\/2"}],"replies":[{"embeddable":true,"href":"https:\/\/zamanturkmenistan.com.tm\/index.php?rest_route=%2Fwp%2Fv2%2Fcomments&post=149518"}],"version-history":[{"count":1,"href":"https:\/\/zamanturkmenistan.com.tm\/index.php?rest_route=\/wp\/v2\/posts\/149518\/revisions"}],"predecessor-version":[{"id":149519,"href":"https:\/\/zamanturkmenistan.com.tm\/index.php?rest_route=\/wp\/v2\/posts\/149518\/revisions\/149519"}],"wp:featuredmedia":[{"embeddable":true,"href":"https:\/\/zamanturkmenistan.com.tm\/index.php?rest_route=\/wp\/v2\/media\/57171"}],"wp:attachment":[{"href":"https:\/\/zamanturkmenistan.com.tm\/index.php?rest_route=%2Fwp%2Fv2%2Fmedia&parent=149518"}],"wp:term":[{"taxonomy":"category","embeddable":true,"href":"https:\/\/zamanturkmenistan.com.tm\/index.php?rest_route=%2Fwp%2Fv2%2Fcategories&post=149518"},{"taxonomy":"post_tag","embeddable":true,"href":"https:\/\/zamanturkmenistan.com.tm\/index.php?rest_route=%2Fwp%2Fv2%2Ftags&post=149518"}],"curies":[{"name":"wp","href":"https:\/\/api.w.org\/{rel}","templated":true}]}}