{"id":149520,"date":"2025-10-24T11:27:24","date_gmt":"2025-10-24T06:27:24","guid":{"rendered":"https:\/\/zamanturkmenistan.com.tm\/?p=149520"},"modified":"2025-10-24T11:27:24","modified_gmt":"2025-10-24T06:27:24","slug":"turkmenistanyn-prezidenti-italiyada-resmi-saparda-bolar","status":"publish","type":"post","link":"https:\/\/zamanturkmenistan.com.tm\/?p=149520","title":{"rendered":"T\u00fcrkmenistany\u0148 Prezidenti Itali\u00fdada resmi saparda bolar"},"content":{"rendered":"<p>23-nji okt\u00fdabrda hormatly Prezidentimiz Serdar Berdimuhamedow sanly ulgam arkaly Ministrler Kabinetini\u0148 nobatdaky mejlisini ge\u00e7irdi. Onda \u00fdurdumyzy\u0148 d\u00f6wlet durmu\u015fyna degi\u015fli birn\u00e4\u00e7e meselelere seredildi.<br \/>\nMinistrler Kabinetini\u0148 Ba\u015flygyny\u0148 orunbasary, da\u015fary i\u015fler ministri R.Meredow hormatly Prezidentimizi\u0148 Itali\u00fda Respublikasyna boljak resmi saparyna ta\u00fd\u00fdarlyk g\u00f6rl\u00fc\u015fi barada hasabat berdi.<br \/>\nMinistrler Kabinetini\u0148 Ba\u015flygyny\u0148 orunbasary, da\u015fary i\u015fler ministri Ra\u015fid Meredow bu sapary\u0148 maksatnamasy barada habar berdi.<br \/>\nItali\u00fda Respublikasy bilen diplomatik gatna\u015fyklar 1992-nji \u00fdyly\u0148 9-njy i\u00fdunynda \u00fdola go\u00fduldy. \u015eu g\u00fcnki g\u00fcne \u00e7enli t\u00fcrkmen-ital\u00fdan gatna\u015fyklaryny\u0148 hukuk bin\u00fdady resminamalary\u0148 39-sy bilen berkidildi.<br \/>\nNetijeli sy\u00fdasy gatna\u015fyklary \u00f6sd\u00fcrmekde \u00fdokary derejed\u00e4ki saparlara we du\u015fu\u015fyklara m\u00f6h\u00fcm orun degi\u015flidir. \u015eunu\u0148 bilen baglylykda, Gahryman Arkadagymyzy\u0148 2009-njy \u00fdyly\u0148 no\u00fdabr a\u00fdynda, 2015-nji \u00fdyly\u0148 ma\u00fd a\u00fdynda Itali\u00fda Respublikasyna amala a\u015fyran resmi we i\u015f saparlary hem-de Itali\u00fdany\u0148 Prem\u00fder-ministrini\u0148 2014-nji \u00fdyly\u0148 no\u00fdabr a\u00fdynda \u00fdurdumyza amala a\u015fyran i\u015f sapary m\u00f6h\u00fcm wakalar bolup dur\u00fdar. \u015ee\u00fdle hem 2019-njy \u00fdyly\u0148 no\u00fdabr a\u00fdynda T\u00fcrkmenistany\u0148 Prezidentini\u0148 Itali\u00fda Respublikasyna sapary amala a\u015fyryldy. \u00ddokary derejed\u00e4ki du\u015fu\u015fyklar we geple\u015fikler \u015fu \u00fdyly\u0148 ma\u00fd a\u00fdynda ge\u00e7irilen \u201cMerkezi Azi\u00fda \u2014 Itali\u00fda\u201d birinji sammitini\u0148 \u00e7\u00e4klerinde hem dowam etdi.<br \/>\nIki \u00fdurdu\u0148 arasynda parlamentleri\u0148, h\u00f6k\u00fcmetleri\u0148 we da\u015fary sy\u00fdasat edaralaryny\u0148 ugry bo\u00fdun\u00e7a-da netijeli gatna\u015fyklar \u00fdola go\u00fduldy. Halkara guramalary\u0148 \u00e7\u00e4klerinde hyzmatda\u015flyk barada a\u00fddylanda bolsa, Itali\u00fda Respublikasy T\u00fcrkmenistany\u0148 ba\u015flangyjy bilen BMG-ni\u0148 Ba\u015f Assamble\u00fdasy tarapyndan kabul edilen kararnamalary\u0148 \u00e4hlisini goldady hem-de olary\u0148 10-syna d\u00f6redijileri\u0148 biri bolup \u00e7yky\u015f etdi. \u00ddurdumyz hemi\u015felik Bitaraplyk hukuk \u00fdagda\u00fdyndan ugur alyp, Itali\u00fdany\u0148 ba\u015fyny ba\u015flan durnukly \u00f6s\u00fc\u015f babatda halkara taslamalaryny we me\u00fdilnamalaryny golda\u00fdar.<br \/>\nIkitarapla\u00fdyn s\u00f6wda-ykdysady hyzmatda\u015flyk energetika, ulag, hususy teleke\u00e7ilik ulgamlarynda we be\u00fdleki ugurlarda okgunly \u00f6sd\u00fcril\u00fd\u00e4r. Ynsanperwer ulgamda hem gatna\u015fyklar netijeli h\u00e4si\u00fdete e\u00fdedir, iki \u00fdurdu\u0148 wekillerini\u0148 gatna\u015fmagynda d\u00fcrli \u00e7\u00e4reler yzygiderli ge\u00e7iril\u00fd\u00e4r. \u015eunu\u0148 bilen baglylykda, T\u00fcrkmenistany\u0148 we Itali\u00fdany\u0148 ba\u00fd taryhy-medeni mirasa e\u00fdedigi bellenildi. Itali\u00fdaly arheologlar 30 \u00fdyldan gowrak wagt b\u00e4ri t\u00fcrkmen k\u00e4rde\u015fleri bilen \u00fdurdumyzy\u0148 taryhy \u00fdadyg\u00e4rliklerinde bilelikde gazuw-agtary\u015f i\u015flerini alyp bar\u00fdarlar. Medeni hyzmatda\u015flyk bo\u00fdun\u00e7a T\u00fcrkmen-ital\u00fdan i\u015f topary hereket ed\u00fd\u00e4r. H\u00e4zirki wagtda 2025-nji \u00fdyly\u0148 okt\u00fdabr a\u00fdyndan 2026-njy \u00fdyly\u0148 aprel a\u00fdyna \u00e7enli aralykda Rim \u015f\u00e4herinde T\u00fcrkmenistany\u0148 arheologi\u00fda sergisini ge\u00e7irmek bo\u00fdun\u00e7a i\u015fler alnyp baryl\u00fdar.<br \/>\nBilim ugry bo\u00fdun\u00e7a hem ikitarapla\u00fdyn gatna\u015fyklar yzygiderli \u00f6sd\u00fcril\u00fd\u00e4r. T\u00fcrkmen \u00fda\u015flaryny\u0148 wekilleri Itali\u00fdany\u0148 \u00fdokary okuw mekdeplerinde oka\u00fdarlar. \u00ddurdumyzy\u0148 \u00fdokary okuw mekdeplerini\u0148 3-sinde we orta mekdeplerini\u0148 6-synda ital\u00fdan dili \u00f6wredil\u00fd\u00e4r. 1998-nji \u00fdyldan b\u00e4ri T\u00fcrkmenistany\u0148 we Itali\u00fdany\u0148 \u00fdokary okuw mekdepleri \u00ddewropa Bilele\u015figini\u0148 TEMPUS (ERASMUS) maksatnamalaryny\u0148 \u00e7\u00e4klerinde hyzmatda\u015flyk ed\u00fd\u00e4rler. \u015ee\u00fdle hem t\u00fcrkmen halkyny\u0148 Milli Lideri Gahryman Arkadagymyzy\u0148 \u201cT\u00fcrkmeni\u0148 d\u00f6wletlilik \u00fd\u00f6relgesi\u201d atly kitabyny\u0148 ital\u00fdan diline terjime edilip, \u00e7apdan \u00e7ykarylandygy bellenildi.<br \/>\nHormatly Prezidentimizi\u0148 Itali\u00fda Respublikasyna boljak resmi sapary d\u00f6wletara gatna\u015fyklary mundan be\u00fdl\u00e4k-de gi\u0148eltmekde we pugtalandyrmakda m\u00f6h\u00fcm \u00e4dime \u00f6wr\u00fcler. H\u00e4zirki wagtda bu sapara ta\u00fd\u00fdarlyk g\u00f6rmek maksady bilen, degi\u015fli i\u015fler alnyp baryl\u00fdar. Sapary\u0148 \u00e7\u00e4klerinde d\u00f6wlet Ba\u015ftutanlaryny\u0148 ikitarapla\u00fdyn du\u015fu\u015fygy ge\u00e7iriler. \u015ee\u00fdle hem hormatly Prezidentimizi\u0148 T\u00fcrkmen-ital\u00fdan i\u015few\u00fcrlik maslahatyna hem-de Rimi\u0148 Kapitoli\u00fd muze\u00fdinde ge\u00e7iriljek \u201cT\u00fcrkmenistany\u0148 gadymy siwilizasi\u00fdasy\u201d atly sergini\u0148 a\u00e7yly\u015f dabarasyna gatna\u015fmagy g\u00f6z \u00f6\u0148\u00fcnde tutul\u00fdar. Sapary\u0148 netijeleri bo\u00fdun\u00e7a hyzmatda\u015flygy\u0148 esasy ugurlaryna degi\u015fli ikitarapla\u00fdyn resminamalary\u0148 toplumyna gol \u00e7ekmek me\u00fdille\u015fdiril\u00fd\u00e4r.<br \/>\nHormatly Prezidentimiz Serdar Berdimuhamedow hasabaty di\u0148l\u00e4p, T\u00fcrkmenistany\u0148 Itali\u00fda Respublikasy bilen gatna\u015fyklary \u00f6sd\u00fcrm\u00e4ge uly \u00e4hmi\u00fdet ber\u00fd\u00e4ndigini, iki \u00fdurdu\u0148 arasyndaky \u00f6zara b\u00e4hbitli hyzmatda\u015flygy\u0148 barha pugtalan\u00fdandygyny a\u00fdtdy.<br \/>\nD\u00f6wlet Ba\u015ftutanymyz wise-prem\u00fder, da\u015fary i\u015fler ministrine Itali\u00fda Respublikasyna boljak resmi sapara gowy ta\u00fd\u00fdarlyk g\u00f6rmegi tab\u015fyrdy.<\/p>\n","protected":false},"excerpt":{"rendered":"<p>23-nji okt\u00fdabrda hormatly Prezidentimiz Serdar Berdimuhamedow sanly ulgam arkaly Ministrler Kabinetini\u0148 nobatdaky mejlisini ge\u00e7irdi. Onda \u00fdurdumyzy\u0148 d\u00f6wlet durmu\u015fyna degi\u015fli birn\u00e4\u00e7e meselelere seredildi. Ministrler Kabinetini\u0148 Ba\u015flygyny\u0148 orunbasary, da\u015fary i\u015fler ministri R.Meredow hormatly Prezidentimizi\u0148 Itali\u00fda Respublikasyna boljak resmi saparyna ta\u00fd\u00fdarlyk g\u00f6rl\u00fc\u015fi barada hasabat berdi. Ministrler Kabinetini\u0148 Ba\u015flygyny\u0148 orunbasary, da\u015fary i\u015fler ministri Ra\u015fid Meredow bu sapary\u0148 maksatnamasy barada [&hellip;]<\/p>\n","protected":false},"author":2,"featured_media":139193,"comment_status":"open","ping_status":"closed","sticky":false,"template":"","format":"standard","meta":{"footnotes":""},"categories":[3],"tags":[],"acf":[],"_links":{"self":[{"href":"https:\/\/zamanturkmenistan.com.tm\/index.php?rest_route=\/wp\/v2\/posts\/149520"}],"collection":[{"href":"https:\/\/zamanturkmenistan.com.tm\/index.php?rest_route=\/wp\/v2\/posts"}],"about":[{"href":"https:\/\/zamanturkmenistan.com.tm\/index.php?rest_route=\/wp\/v2\/types\/post"}],"author":[{"embeddable":true,"href":"https:\/\/zamanturkmenistan.com.tm\/index.php?rest_route=\/wp\/v2\/users\/2"}],"replies":[{"embeddable":true,"href":"https:\/\/zamanturkmenistan.com.tm\/index.php?rest_route=%2Fwp%2Fv2%2Fcomments&post=149520"}],"version-history":[{"count":1,"href":"https:\/\/zamanturkmenistan.com.tm\/index.php?rest_route=\/wp\/v2\/posts\/149520\/revisions"}],"predecessor-version":[{"id":149521,"href":"https:\/\/zamanturkmenistan.com.tm\/index.php?rest_route=\/wp\/v2\/posts\/149520\/revisions\/149521"}],"wp:featuredmedia":[{"embeddable":true,"href":"https:\/\/zamanturkmenistan.com.tm\/index.php?rest_route=\/wp\/v2\/media\/139193"}],"wp:attachment":[{"href":"https:\/\/zamanturkmenistan.com.tm\/index.php?rest_route=%2Fwp%2Fv2%2Fmedia&parent=149520"}],"wp:term":[{"taxonomy":"category","embeddable":true,"href":"https:\/\/zamanturkmenistan.com.tm\/index.php?rest_route=%2Fwp%2Fv2%2Fcategories&post=149520"},{"taxonomy":"post_tag","embeddable":true,"href":"https:\/\/zamanturkmenistan.com.tm\/index.php?rest_route=%2Fwp%2Fv2%2Ftags&post=149520"}],"curies":[{"name":"wp","href":"https:\/\/api.w.org\/{rel}","templated":true}]}}