{"id":149535,"date":"2025-10-24T15:38:36","date_gmt":"2025-10-24T10:38:36","guid":{"rendered":"https:\/\/zamanturkmenistan.com.tm\/?p=149535"},"modified":"2025-10-24T15:38:36","modified_gmt":"2025-10-24T10:38:36","slug":"lula-da-silwa-2026-njy-yylda-saylawlara-gatnasmakcy","status":"publish","type":"post","link":"https:\/\/zamanturkmenistan.com.tm\/?p=149535","title":{"rendered":"Lula da Silwa 2026-njy \u00fdylda sa\u00fdlawlara gatna\u015fmak\u00e7y"},"content":{"rendered":"<p>Brazili\u00fdany\u0148 Prezidenti Luis Inasiu Lula da Silwa geljek \u00fdyl d\u00f6wlet Ba\u015ftutanyny\u0148 sa\u00fdlawlaryna dala\u015fg\u00e4r boljakdygyny m\u00e4lim etdi.<br \/>\n-Meni\u0148 80 \u00fda\u015fym dol\u00fdar, \u00fd\u00f6ne meni\u0148 30 \u00fda\u015fymdaky \u00fdaly energi\u00fdam bar. Men d\u00f6rd\u00fcnji Prezidentlik m\u00f6hletine dala\u015fg\u00e4rlik etmek\u00e7i&#8221; di\u00fdip, ol Indonezi\u00fda d\u00f6wlet sapary mahalynda a\u00fdtdy.<br \/>\nBrazili\u00fdada Prezident sa\u00fdlawlary 2026-njy \u00fdyly\u0148 4-nji okt\u00fdabrynda ge\u00e7irilmegi me\u00fdille\u015fdiril\u00fd\u00e4r. Wise-prezident, Kongresi\u0148 agzalary we gubernatorlar hem sa\u00fdlanar.<\/p>\n","protected":false},"excerpt":{"rendered":"<p>Brazili\u00fdany\u0148 Prezidenti Luis Inasiu Lula da Silwa geljek \u00fdyl d\u00f6wlet Ba\u015ftutanyny\u0148 sa\u00fdlawlaryna dala\u015fg\u00e4r boljakdygyny m\u00e4lim etdi. -Meni\u0148 80 \u00fda\u015fym dol\u00fdar, \u00fd\u00f6ne meni\u0148 30 \u00fda\u015fymdaky \u00fdaly energi\u00fdam bar. Men d\u00f6rd\u00fcnji Prezidentlik m\u00f6hletine dala\u015fg\u00e4rlik etmek\u00e7i&#8221; di\u00fdip, ol Indonezi\u00fda d\u00f6wlet sapary mahalynda a\u00fdtdy. Brazili\u00fdada Prezident sa\u00fdlawlary 2026-njy \u00fdyly\u0148 4-nji okt\u00fdabrynda ge\u00e7irilmegi me\u00fdille\u015fdiril\u00fd\u00e4r. Wise-prezident, Kongresi\u0148 agzalary we gubernatorlar hem [&hellip;]<\/p>\n","protected":false},"author":2,"featured_media":62612,"comment_status":"open","ping_status":"closed","sticky":false,"template":"","format":"standard","meta":{"footnotes":""},"categories":[5],"tags":[],"acf":[],"_links":{"self":[{"href":"https:\/\/zamanturkmenistan.com.tm\/index.php?rest_route=\/wp\/v2\/posts\/149535"}],"collection":[{"href":"https:\/\/zamanturkmenistan.com.tm\/index.php?rest_route=\/wp\/v2\/posts"}],"about":[{"href":"https:\/\/zamanturkmenistan.com.tm\/index.php?rest_route=\/wp\/v2\/types\/post"}],"author":[{"embeddable":true,"href":"https:\/\/zamanturkmenistan.com.tm\/index.php?rest_route=\/wp\/v2\/users\/2"}],"replies":[{"embeddable":true,"href":"https:\/\/zamanturkmenistan.com.tm\/index.php?rest_route=%2Fwp%2Fv2%2Fcomments&post=149535"}],"version-history":[{"count":1,"href":"https:\/\/zamanturkmenistan.com.tm\/index.php?rest_route=\/wp\/v2\/posts\/149535\/revisions"}],"predecessor-version":[{"id":149536,"href":"https:\/\/zamanturkmenistan.com.tm\/index.php?rest_route=\/wp\/v2\/posts\/149535\/revisions\/149536"}],"wp:featuredmedia":[{"embeddable":true,"href":"https:\/\/zamanturkmenistan.com.tm\/index.php?rest_route=\/wp\/v2\/media\/62612"}],"wp:attachment":[{"href":"https:\/\/zamanturkmenistan.com.tm\/index.php?rest_route=%2Fwp%2Fv2%2Fmedia&parent=149535"}],"wp:term":[{"taxonomy":"category","embeddable":true,"href":"https:\/\/zamanturkmenistan.com.tm\/index.php?rest_route=%2Fwp%2Fv2%2Fcategories&post=149535"},{"taxonomy":"post_tag","embeddable":true,"href":"https:\/\/zamanturkmenistan.com.tm\/index.php?rest_route=%2Fwp%2Fv2%2Ftags&post=149535"}],"curies":[{"name":"wp","href":"https:\/\/api.w.org\/{rel}","templated":true}]}}