{"id":150404,"date":"2025-11-01T10:03:28","date_gmt":"2025-11-01T05:03:28","guid":{"rendered":"https:\/\/zamanturkmenistan.com.tm\/?p=150404"},"modified":"2025-11-01T10:03:28","modified_gmt":"2025-11-01T05:03:28","slug":"2026-njy-yyl-ucin-dowlet-byujetinin-taslamasy-tayyarlandy","status":"publish","type":"post","link":"https:\/\/zamanturkmenistan.com.tm\/?p=150404","title":{"rendered":"2026-njy \u00fdyl \u00fc\u00e7in D\u00f6wlet b\u00fdujetini\u0148 taslamasy ta\u00fd\u00fdarlandy"},"content":{"rendered":"<p>\u201cT\u00fcrkmenistany\u0148 Prezidentini\u0148 \u00fdurdumyzy 2022 \u2014 2028-nji \u00fdyllarda durmu\u015f-ykdysady ta\u00fddan \u00f6sd\u00fcrmegi\u0148 Maksatnamasyndan\u201d ugur alnyp, \u015fe\u00fdle hem d\u00f6wlet Ba\u015ftutanymyzy\u0148 degi\u015fli Kararyna la\u00fdyklykda, geljek \u00fdyl \u00fc\u00e7in ba\u015f mali\u00fde me\u00fdilnamasyny\u0148, T\u00fcrkmenistany durmu\u015f-ykdysady ta\u00fddan \u00f6sd\u00fcrmegi\u0148 esasy ugurlaryny\u0148 hem-de ma\u00fda go\u00fdum Maksatnamasyny\u0148 taslamalary i\u015flenip ta\u00fd\u00fdarlanyldy. \u015eunu\u0148 bilen birlikde, d\u00fcrli pudaklary, wela\u00fdatlary, A\u015fgabat we Arkadag \u015f\u00e4herlerini \u00f6sd\u00fcrm\u00e4ge g\u00f6n\u00fckdiriljek mali\u00fde seri\u015fdelerini\u0148 m\u00f6\u00e7berleri, D\u00f6wlet b\u00fdujetini\u0148 girdeji b\u00f6legi barada 31-nji okt\u00fdabrda ge\u00e7irilen sanly ulgam arkaly Ministrler Kabinetini\u0148 mejlisinde Ministrler Kabinetini\u0148 Ba\u015flygyny\u0148 orunbasary H.Geldimyradow hasabat berdi. \u015eunu\u0148 bilen baglylykda, d\u00f6wlet Ba\u015ftutanymyzy\u0148 garamagyna 2026-njy \u00fdyl \u00fc\u00e7in D\u00f6wlet b\u00fdujetini\u0148 taslamasy h\u00f6d\u00fcrlendi.<br \/>\nHormatly Prezidentimiz T\u00fcrkmenistany\u0148 2026-njy \u00fdyl \u00fc\u00e7in D\u00f6wlet b\u00fdujetini\u0148 we T\u00fcrkmenistany durmu\u015f-ykdysady ta\u00fddan \u00f6sd\u00fcrmegi\u0148 esasy ugurlaryny\u0148 hem-de ma\u00fda go\u00fdum Maksatnamasyny\u0148 taslamalaryny\u0148 i\u015flenip ta\u00fd\u00fdarlanandygyna \u00fcnsi \u00e7ekdi. Geljek \u00fdyly\u0148 D\u00f6wlet b\u00fdujetini\u0148 taslamasynda mali\u00fdele\u015fdirmegi\u0148 \u00e4hli \u00e7e\u015fmelerini\u0148 hasabyna ykdysady\u00fdeti\u0148 ulgamlaryna d\u00fc\u00fdpli ma\u00fda go\u00fdumlary g\u00f6n\u00fckdirmek me\u00fdille\u015fdiril\u00fd\u00e4r. D\u00f6wlet Ba\u015ftutanymyz T\u00fcrkmenistany\u0148 2026-njy \u00fdyl \u00fc\u00e7in D\u00f6wlet b\u00fdujetini\u0148 taslamasyny\u0148 T\u00fcrkmenistany\u0148 Mejlisini\u0148 garamagyna iberil\u00fd\u00e4ndigini a\u00fdtdy we degi\u015fli hata gol \u00e7ekdi.<\/p>\n","protected":false},"excerpt":{"rendered":"<p>\u201cT\u00fcrkmenistany\u0148 Prezidentini\u0148 \u00fdurdumyzy 2022 \u2014 2028-nji \u00fdyllarda durmu\u015f-ykdysady ta\u00fddan \u00f6sd\u00fcrmegi\u0148 Maksatnamasyndan\u201d ugur alnyp, \u015fe\u00fdle hem d\u00f6wlet Ba\u015ftutanymyzy\u0148 degi\u015fli Kararyna la\u00fdyklykda, geljek \u00fdyl \u00fc\u00e7in ba\u015f mali\u00fde me\u00fdilnamasyny\u0148, T\u00fcrkmenistany durmu\u015f-ykdysady ta\u00fddan \u00f6sd\u00fcrmegi\u0148 esasy ugurlaryny\u0148 hem-de ma\u00fda go\u00fdum Maksatnamasyny\u0148 taslamalary i\u015flenip ta\u00fd\u00fdarlanyldy. \u015eunu\u0148 bilen birlikde, d\u00fcrli pudaklary, wela\u00fdatlary, A\u015fgabat we Arkadag \u015f\u00e4herlerini \u00f6sd\u00fcrm\u00e4ge g\u00f6n\u00fckdiriljek mali\u00fde seri\u015fdelerini\u0148 m\u00f6\u00e7berleri, D\u00f6wlet [&hellip;]<\/p>\n","protected":false},"author":2,"featured_media":131838,"comment_status":"open","ping_status":"closed","sticky":false,"template":"","format":"standard","meta":{"footnotes":""},"categories":[3],"tags":[],"acf":[],"_links":{"self":[{"href":"https:\/\/zamanturkmenistan.com.tm\/index.php?rest_route=\/wp\/v2\/posts\/150404"}],"collection":[{"href":"https:\/\/zamanturkmenistan.com.tm\/index.php?rest_route=\/wp\/v2\/posts"}],"about":[{"href":"https:\/\/zamanturkmenistan.com.tm\/index.php?rest_route=\/wp\/v2\/types\/post"}],"author":[{"embeddable":true,"href":"https:\/\/zamanturkmenistan.com.tm\/index.php?rest_route=\/wp\/v2\/users\/2"}],"replies":[{"embeddable":true,"href":"https:\/\/zamanturkmenistan.com.tm\/index.php?rest_route=%2Fwp%2Fv2%2Fcomments&post=150404"}],"version-history":[{"count":1,"href":"https:\/\/zamanturkmenistan.com.tm\/index.php?rest_route=\/wp\/v2\/posts\/150404\/revisions"}],"predecessor-version":[{"id":150405,"href":"https:\/\/zamanturkmenistan.com.tm\/index.php?rest_route=\/wp\/v2\/posts\/150404\/revisions\/150405"}],"wp:featuredmedia":[{"embeddable":true,"href":"https:\/\/zamanturkmenistan.com.tm\/index.php?rest_route=\/wp\/v2\/media\/131838"}],"wp:attachment":[{"href":"https:\/\/zamanturkmenistan.com.tm\/index.php?rest_route=%2Fwp%2Fv2%2Fmedia&parent=150404"}],"wp:term":[{"taxonomy":"category","embeddable":true,"href":"https:\/\/zamanturkmenistan.com.tm\/index.php?rest_route=%2Fwp%2Fv2%2Fcategories&post=150404"},{"taxonomy":"post_tag","embeddable":true,"href":"https:\/\/zamanturkmenistan.com.tm\/index.php?rest_route=%2Fwp%2Fv2%2Ftags&post=150404"}],"curies":[{"name":"wp","href":"https:\/\/api.w.org\/{rel}","templated":true}]}}