{"id":150406,"date":"2025-11-01T10:12:24","date_gmt":"2025-11-01T05:12:24","guid":{"rendered":"https:\/\/zamanturkmenistan.com.tm\/?p=150406"},"modified":"2025-11-01T10:50:40","modified_gmt":"2025-11-01T05:50:40","slug":"amerikanyn-birlesen-statlaryna-amala-asyrjak-is-saparyna-tayyarlyk-gorulyar","status":"publish","type":"post","link":"https:\/\/zamanturkmenistan.com.tm\/?p=150406","title":{"rendered":"Hormatly Prezidentimizi\u0148 AB\u015e-a amala a\u015fyrjak i\u015f saparyna ta\u00fd\u00fdarlyk g\u00f6r\u00fcl\u00fd\u00e4r"},"content":{"rendered":"<p>31-nji okt\u00fdabrda ge\u00e7irilen sanly ulgam arkaly Ministrler Kabinetini\u0148 mejlisinde Ministrler Kabinetini\u0148 Ba\u015flygyny\u0148 orunbasary, da\u015fary i\u015fler ministri R.Meredow hormatly Prezidentimizi\u0148 Amerikany\u0148 Birle\u015fen \u015etatlaryna amala a\u015fyrjak i\u015f saparyna ta\u00fd\u00fdarlyk g\u00f6rl\u00fc\u015fi barada hasabat berdi.<br \/>\nNygtaly\u015fy \u00fdaly, h\u00e4zirki wagtda AB\u015e-ny\u0148 Prezidenti Donald Trampy\u0148 \u00e7akylygy esasynda d\u00f6wlet Ba\u015ftutanymyzy\u0148 \u00fdokary derejed\u00e4ki ikitarapla\u00fdyn du\u015fu\u015fygy ge\u00e7irmek we \u00abMerkezi Azi\u00fda \u2014 AB\u015e\u00bb sammitine gatna\u015fmak maksady bilen boljak i\u015f saparyna ta\u00fd\u00fdarlyk g\u00f6r\u00fcl\u00fd\u00e4r.<br \/>\nHormatly Prezidentimiz hasabaty di\u0148l\u00e4p, T\u00fcrkmenistan bilen Amerikany\u0148 Birle\u015fen \u015etatlaryny\u0148 arasyndaky gatna\u015fyklary\u0148 \u00fdokary derejede \u00f6sd\u00fcril\u00fd\u00e4ndigini belledi. \u201cWa\u015fingtonda ge\u00e7iriljek sammit bolsa \u00fdurtlarymyzy\u0148 arasyndaky \u00f6zara b\u00e4hbitli hyzmatda\u015flygy has-da berkitm\u00e4ge \u00fdardam eder\u201d di\u00fdip, d\u00f6wlet Ba\u015ftutanymyz a\u00fdtdy we wise-prem\u00fder, da\u015fary i\u015fler ministrine Amerikany\u0148 Birle\u015fen \u015etatlaryna boljak i\u015f saparyna ta\u00fd\u00fdarlyk g\u00f6rmek babatda degi\u015fli tab\u015fyryklary berdi.<\/p>\n","protected":false},"excerpt":{"rendered":"<p>31-nji okt\u00fdabrda ge\u00e7irilen sanly ulgam arkaly Ministrler Kabinetini\u0148 mejlisinde Ministrler Kabinetini\u0148 Ba\u015flygyny\u0148 orunbasary, da\u015fary i\u015fler ministri R.Meredow hormatly Prezidentimizi\u0148 Amerikany\u0148 Birle\u015fen \u015etatlaryna amala a\u015fyrjak i\u015f saparyna ta\u00fd\u00fdarlyk g\u00f6rl\u00fc\u015fi barada hasabat berdi. Nygtaly\u015fy \u00fdaly, h\u00e4zirki wagtda AB\u015e-ny\u0148 Prezidenti Donald Trampy\u0148 \u00e7akylygy esasynda d\u00f6wlet Ba\u015ftutanymyzy\u0148 \u00fdokary derejed\u00e4ki ikitarapla\u00fdyn du\u015fu\u015fygy ge\u00e7irmek we \u00abMerkezi Azi\u00fda \u2014 AB\u015e\u00bb sammitine gatna\u015fmak [&hellip;]<\/p>\n","protected":false},"author":2,"featured_media":150407,"comment_status":"open","ping_status":"closed","sticky":false,"template":"","format":"standard","meta":{"footnotes":""},"categories":[3],"tags":[],"acf":[],"_links":{"self":[{"href":"https:\/\/zamanturkmenistan.com.tm\/index.php?rest_route=\/wp\/v2\/posts\/150406"}],"collection":[{"href":"https:\/\/zamanturkmenistan.com.tm\/index.php?rest_route=\/wp\/v2\/posts"}],"about":[{"href":"https:\/\/zamanturkmenistan.com.tm\/index.php?rest_route=\/wp\/v2\/types\/post"}],"author":[{"embeddable":true,"href":"https:\/\/zamanturkmenistan.com.tm\/index.php?rest_route=\/wp\/v2\/users\/2"}],"replies":[{"embeddable":true,"href":"https:\/\/zamanturkmenistan.com.tm\/index.php?rest_route=%2Fwp%2Fv2%2Fcomments&post=150406"}],"version-history":[{"count":3,"href":"https:\/\/zamanturkmenistan.com.tm\/index.php?rest_route=\/wp\/v2\/posts\/150406\/revisions"}],"predecessor-version":[{"id":150431,"href":"https:\/\/zamanturkmenistan.com.tm\/index.php?rest_route=\/wp\/v2\/posts\/150406\/revisions\/150431"}],"wp:featuredmedia":[{"embeddable":true,"href":"https:\/\/zamanturkmenistan.com.tm\/index.php?rest_route=\/wp\/v2\/media\/150407"}],"wp:attachment":[{"href":"https:\/\/zamanturkmenistan.com.tm\/index.php?rest_route=%2Fwp%2Fv2%2Fmedia&parent=150406"}],"wp:term":[{"taxonomy":"category","embeddable":true,"href":"https:\/\/zamanturkmenistan.com.tm\/index.php?rest_route=%2Fwp%2Fv2%2Fcategories&post=150406"},{"taxonomy":"post_tag","embeddable":true,"href":"https:\/\/zamanturkmenistan.com.tm\/index.php?rest_route=%2Fwp%2Fv2%2Ftags&post=150406"}],"curies":[{"name":"wp","href":"https:\/\/api.w.org\/{rel}","templated":true}]}}