{"id":150412,"date":"2025-11-01T10:22:47","date_gmt":"2025-11-01T05:22:47","guid":{"rendered":"https:\/\/zamanturkmenistan.com.tm\/?p=150412"},"modified":"2025-11-01T10:22:47","modified_gmt":"2025-11-01T05:22:47","slug":"gurbannazar-ezizowyn-doglan-gununin-85-yyllygy-mynasybetli-doredijilik-dususygy","status":"publish","type":"post","link":"https:\/\/zamanturkmenistan.com.tm\/?p=150412","title":{"rendered":"Gurbannazar Ezizowy\u0148 doglan g\u00fcn\u00fcni\u0148 85 \u00fdyllygy mynasybetli d\u00f6redijilik du\u015fu\u015fygy"},"content":{"rendered":"<p>T\u00fcrkmenistany\u0148 Bazar Amanow adyndaky D\u00f6wlet \u00e7agalar kitaphanasynda T\u00fcrkmenistany\u0148 halk \u00fdazyjysy, Magtymguly adyndaky D\u00f6wlet ba\u00fdragyny\u0148 e\u00fdesi Gurbannazar Ezizowy\u0148 doglan g\u00fcn\u00fcni\u0148 85 \u00fdyllygy mynasybetli d\u00f6redijilik du\u015fu\u015fygy boldy. \u00c7\u00e4r\u00e4 kitaphanany\u0148 i\u015fg\u00e4rleri hem-de myhmanlar gatna\u015fdylar. Olary\u0148 arasynda \u015fahyry\u0148 uly gyzy, \u00abT\u00fcrkmenistany\u0148 gurlu\u015fygy we binag\u00e4rligi\u00bb \u017eurnalyny\u0148 Ba\u015f redaktory \u00dd.Ezizowa hem bardy.<br \/>\nDu\u015fu\u015fygy\u0148 dowamynda \u015fahyry\u0148 \u00f6mri we d\u00f6redijiligi \u00fdatlanyp, o\u0148a gatna\u015fyjylar onu\u0148 \u00f6z d\u00f6wr\u00fcni\u0148 pikirlerini \u00fd\u00fcrekden we metafora ta\u00fddan be\u00fdan etm\u00e4ge ukyply a\u00fdratyn zehinini\u0148 bardygyny bellediler. Onu\u0148 go\u015fgularyny\u0148 k\u00f6p\u00fcsine saz \u00fdazan be\u00fdik kompozitor Nury Halm\u00e4mmedow bilen dostlugyna a\u00fdratyn \u00fcns berildi.<br \/>\nMedeni maksatnamany Ma\u00fda Kuly\u00fdewa adyndaky T\u00fcrkmen milli konserwatori\u00fdasyny\u0148 talyplaryny\u0148 \u00e7yky\u015fy bezedi, olar \u015fygyrlary dutary\u0148 sazla\u015fygynda ussatlyk bilen \u00fderine \u00fdetirdiler. \u00c7\u00e4r\u00e4ni\u0148 ahyrynda myhmanlara \u015fahyry\u0148 go\u015fgular \u00fdygyndysyny\u0148 t\u00e4ze ne\u015firi sowgat berildi.<br \/>\n\u00ddubile\u00fd \u00fdyly \u00fdurdumyzy\u0148 \u00e4hli k\u00fcnjeklerd\u00e4ki kitaphanalarda we okuw mekdeplerinde d\u00f6redijilik du\u015fu\u015fyklary, ylmy maslahatlar we medeni \u00e7\u00e4reler bilen ba\u00fdla\u015fdyryldy. No\u00fdabr a\u00fdynda T\u00fcrkmenistanda halk \u00fdazyjysyny\u0148 85 \u00fdyllygyna bagy\u015flanyp, gi\u0148 gerimli a\u00fddym-sazly dabara ge\u00e7iriler.<br \/>\n<strong>\u00c7e\u015fme:<\/strong> turkmenistan.gov.tm<\/p>\n","protected":false},"excerpt":{"rendered":"<p>T\u00fcrkmenistany\u0148 Bazar Amanow adyndaky D\u00f6wlet \u00e7agalar kitaphanasynda T\u00fcrkmenistany\u0148 halk \u00fdazyjysy, Magtymguly adyndaky D\u00f6wlet ba\u00fdragyny\u0148 e\u00fdesi Gurbannazar Ezizowy\u0148 doglan g\u00fcn\u00fcni\u0148 85 \u00fdyllygy mynasybetli d\u00f6redijilik du\u015fu\u015fygy boldy. \u00c7\u00e4r\u00e4 kitaphanany\u0148 i\u015fg\u00e4rleri hem-de myhmanlar gatna\u015fdylar. Olary\u0148 arasynda \u015fahyry\u0148 uly gyzy, \u00abT\u00fcrkmenistany\u0148 gurlu\u015fygy we binag\u00e4rligi\u00bb \u017eurnalyny\u0148 Ba\u015f redaktory \u00dd.Ezizowa hem bardy. Du\u015fu\u015fygy\u0148 dowamynda \u015fahyry\u0148 \u00f6mri we d\u00f6redijiligi \u00fdatlanyp, o\u0148a gatna\u015fyjylar [&hellip;]<\/p>\n","protected":false},"author":2,"featured_media":150413,"comment_status":"open","ping_status":"closed","sticky":false,"template":"","format":"standard","meta":{"footnotes":""},"categories":[3],"tags":[11940],"acf":[],"_links":{"self":[{"href":"https:\/\/zamanturkmenistan.com.tm\/index.php?rest_route=\/wp\/v2\/posts\/150412"}],"collection":[{"href":"https:\/\/zamanturkmenistan.com.tm\/index.php?rest_route=\/wp\/v2\/posts"}],"about":[{"href":"https:\/\/zamanturkmenistan.com.tm\/index.php?rest_route=\/wp\/v2\/types\/post"}],"author":[{"embeddable":true,"href":"https:\/\/zamanturkmenistan.com.tm\/index.php?rest_route=\/wp\/v2\/users\/2"}],"replies":[{"embeddable":true,"href":"https:\/\/zamanturkmenistan.com.tm\/index.php?rest_route=%2Fwp%2Fv2%2Fcomments&post=150412"}],"version-history":[{"count":1,"href":"https:\/\/zamanturkmenistan.com.tm\/index.php?rest_route=\/wp\/v2\/posts\/150412\/revisions"}],"predecessor-version":[{"id":150414,"href":"https:\/\/zamanturkmenistan.com.tm\/index.php?rest_route=\/wp\/v2\/posts\/150412\/revisions\/150414"}],"wp:featuredmedia":[{"embeddable":true,"href":"https:\/\/zamanturkmenistan.com.tm\/index.php?rest_route=\/wp\/v2\/media\/150413"}],"wp:attachment":[{"href":"https:\/\/zamanturkmenistan.com.tm\/index.php?rest_route=%2Fwp%2Fv2%2Fmedia&parent=150412"}],"wp:term":[{"taxonomy":"category","embeddable":true,"href":"https:\/\/zamanturkmenistan.com.tm\/index.php?rest_route=%2Fwp%2Fv2%2Fcategories&post=150412"},{"taxonomy":"post_tag","embeddable":true,"href":"https:\/\/zamanturkmenistan.com.tm\/index.php?rest_route=%2Fwp%2Fv2%2Ftags&post=150412"}],"curies":[{"name":"wp","href":"https:\/\/api.w.org\/{rel}","templated":true}]}}