{"id":150417,"date":"2025-11-01T10:25:03","date_gmt":"2025-11-01T05:25:03","guid":{"rendered":"https:\/\/zamanturkmenistan.com.tm\/?p=150417"},"modified":"2025-11-01T10:25:03","modified_gmt":"2025-11-01T05:25:03","slug":"yanwar-%d0%bektyabr-aylarynda-turkmenistanyn-kanunlarynyn-17-si-kabul-edildi","status":"publish","type":"post","link":"https:\/\/zamanturkmenistan.com.tm\/?p=150417","title":{"rendered":"\u00ddanwar-\u043ekt\u00fdabr a\u00fdlarynda T\u00fcrkmenistany\u0148 Kanunlaryny\u0148 17-si kabul edildi"},"content":{"rendered":"<p>31-nji okt\u00fdabrda hormatly Prezidentimiz Serdar Berdimuhamedow sanly ulgam arkaly Ministrler Kabinetini\u0148 nobatdaky mejlisini ge\u00e7irdi. Onda \u015fu \u00fdyly\u0148 on a\u00fdynda \u00fdurdumyzda alnyp barlan i\u015fleri\u0148 jemleri jemlenildi.<br \/>\nMejlisi\u0148 Ba\u015flygy D.Gulmanowa \u015fu \u00fdyly\u0148 \u00fdanwar-\u043ekt\u00fdabr a\u00fdlarynda \u00fderine \u00fdetirilen i\u015fleri\u0148 netijeleri barada maglumat berdi. Bellenili\u015fi \u00fdaly, \u015fu d\u00f6w\u00fcrde T\u00fcrkmenistany\u0148 Kanunlaryny\u0148 17-si kabul edildi. \u015eolary\u0148 hatarynda \u201cBitarap T\u00fcrkmenistany\u0148 parahat\u00e7ylyk we ynany\u015fmak sy\u00fdasatyny\u0148 hukuk esaslary hakynda\u201d T\u00fcrkmenistany\u0148 Konstitusion kanuny, \u201cT\u00fcrkmenistany\u0148 Ra\u00fdat kodeksini tassyklamak we herekete girizmek hakynda\u201d, \u201cKazy\u00fdet hakynda\u201d, \u201cSa\u00fdlaw\u00e7ylary\u0148 bitewi d\u00f6wlet sanawy hakynda\u201d, \u201cT\u00fcrkmenistany\u0148 Bitaraplygyny\u0148 30 \u00fdyllygyna\u201d atly T\u00fcrkmenistany\u0148 \u00fdubile\u00fd medalyny d\u00f6retmek hakynda\u201d, \u201c\u00dd\u00fck markalary hakynda Halkara konwensi\u00fdasyna degi\u015fli Teswirnama go\u015fulmak hakynda\u201d T\u00fcrkmenistany\u0148 Kanunlary bar. Mundan ba\u015fga-da, jena\u00fdat, arbitra\u017e, ra\u00fdat we jena\u00fdat i\u015f \u00fd\u00f6redi\u015f, ma\u015fgala, z\u00e4hmet gatna\u015fyklary, salgytlar, administratiw \u00f6n\u00fcm\u00e7ilik, awtomobil ulagy, migrasi\u00fda, i\u00e7eri i\u015fler edaralary, g\u00fcmr\u00fck meseleleri bilen baglany\u015fykly hereket ed\u00fd\u00e4n k\u00e4bir kanun\u00e7ylyk namalaryna \u00fc\u00fdtgetmelerdir go\u015fma\u00e7alar girizildi. \u015eu d\u00f6w\u00fcrde Mejlisi\u0148 kararlaryny\u0148 18-si kabul edildi.<\/p>\n","protected":false},"excerpt":{"rendered":"<p>31-nji okt\u00fdabrda hormatly Prezidentimiz Serdar Berdimuhamedow sanly ulgam arkaly Ministrler Kabinetini\u0148 nobatdaky mejlisini ge\u00e7irdi. Onda \u015fu \u00fdyly\u0148 on a\u00fdynda \u00fdurdumyzda alnyp barlan i\u015fleri\u0148 jemleri jemlenildi. Mejlisi\u0148 Ba\u015flygy D.Gulmanowa \u015fu \u00fdyly\u0148 \u00fdanwar-\u043ekt\u00fdabr a\u00fdlarynda \u00fderine \u00fdetirilen i\u015fleri\u0148 netijeleri barada maglumat berdi. Bellenili\u015fi \u00fdaly, \u015fu d\u00f6w\u00fcrde T\u00fcrkmenistany\u0148 Kanunlaryny\u0148 17-si kabul edildi. \u015eolary\u0148 hatarynda \u201cBitarap T\u00fcrkmenistany\u0148 parahat\u00e7ylyk we ynany\u015fmak [&hellip;]<\/p>\n","protected":false},"author":2,"featured_media":88209,"comment_status":"open","ping_status":"closed","sticky":false,"template":"","format":"standard","meta":{"footnotes":""},"categories":[3],"tags":[],"acf":[],"_links":{"self":[{"href":"https:\/\/zamanturkmenistan.com.tm\/index.php?rest_route=\/wp\/v2\/posts\/150417"}],"collection":[{"href":"https:\/\/zamanturkmenistan.com.tm\/index.php?rest_route=\/wp\/v2\/posts"}],"about":[{"href":"https:\/\/zamanturkmenistan.com.tm\/index.php?rest_route=\/wp\/v2\/types\/post"}],"author":[{"embeddable":true,"href":"https:\/\/zamanturkmenistan.com.tm\/index.php?rest_route=\/wp\/v2\/users\/2"}],"replies":[{"embeddable":true,"href":"https:\/\/zamanturkmenistan.com.tm\/index.php?rest_route=%2Fwp%2Fv2%2Fcomments&post=150417"}],"version-history":[{"count":1,"href":"https:\/\/zamanturkmenistan.com.tm\/index.php?rest_route=\/wp\/v2\/posts\/150417\/revisions"}],"predecessor-version":[{"id":150418,"href":"https:\/\/zamanturkmenistan.com.tm\/index.php?rest_route=\/wp\/v2\/posts\/150417\/revisions\/150418"}],"wp:featuredmedia":[{"embeddable":true,"href":"https:\/\/zamanturkmenistan.com.tm\/index.php?rest_route=\/wp\/v2\/media\/88209"}],"wp:attachment":[{"href":"https:\/\/zamanturkmenistan.com.tm\/index.php?rest_route=%2Fwp%2Fv2%2Fmedia&parent=150417"}],"wp:term":[{"taxonomy":"category","embeddable":true,"href":"https:\/\/zamanturkmenistan.com.tm\/index.php?rest_route=%2Fwp%2Fv2%2Fcategories&post=150417"},{"taxonomy":"post_tag","embeddable":true,"href":"https:\/\/zamanturkmenistan.com.tm\/index.php?rest_route=%2Fwp%2Fv2%2Ftags&post=150417"}],"curies":[{"name":"wp","href":"https:\/\/api.w.org\/{rel}","templated":true}]}}