{"id":150419,"date":"2025-11-01T10:25:43","date_gmt":"2025-11-01T05:25:43","guid":{"rendered":"https:\/\/zamanturkmenistan.com.tm\/?p=150419"},"modified":"2025-11-01T10:25:43","modified_gmt":"2025-11-01T05:25:43","slug":"su-yylyn-on-ayynda-yurdumyzda-jemi-icerki-onumin-osusi-63-goterime-den-boldy","status":"publish","type":"post","link":"https:\/\/zamanturkmenistan.com.tm\/?p=150419","title":{"rendered":"\u015eu \u00fdyly\u0148 on a\u00fdynda \u00fdurdumyzda jemi i\u00e7erki \u00f6n\u00fcmi\u0148 \u00f6s\u00fc\u015fi 6,3 g\u00f6terime de\u0148 boldy"},"content":{"rendered":"<p>31-nji okt\u00fdabrda ge\u00e7irilen sanly ulgam arkaly Ministrler Kabinetini\u0148 mejlisinde Ministrler Kabinetini\u0148 Ba\u015flygyny\u0148 orunbasary H.Geldimyradow \u015fu \u00fdyly\u0148 \u00fdanwar \u2014 okt\u00fdabr a\u00fdlaryny\u0148 deslapky makroykdysady g\u00f6rkezijileri barada hasabat berdi. Bellenili\u015fi \u00fdaly, hasabat d\u00f6wr\u00fcnde jemi i\u00e7erki \u00f6n\u00fcmi\u0148 \u00f6s\u00fc\u015fi 6,3 g\u00f6terime de\u0148 boldy, \u015fol sanda \u00f6s\u00fc\u015f depgini senagat pudagynda 1,7 g\u00f6terime, gurlu\u015fykda 8,1 g\u00f6terime, ulag-aragatna\u015fyk pudagynda 10,4 g\u00f6terime, s\u00f6wdada 9,7 g\u00f6terime, oba hojalygynda 5,2 g\u00f6terime, hyzmatlar ulgamynda 8,3 g\u00f6terime de\u0148 boldy. 2024-nji \u00fdyly\u0148 degi\u015fli d\u00f6wri bilen de\u0148e\u015fdirilende, jemi \u00f6nd\u00fcrilen \u00f6n\u00fcm 10,1 g\u00f6terim artyp, ykdysady\u00fdeti\u0148 pudaklarynda o\u0148yn \u00f6n\u00fcm\u00e7ilik g\u00f6rkezijileri gazanyldy. Hasabat d\u00f6wr\u00fcnde b\u00f6lek satuw haryt dolany\u015fygy 13 g\u00f6terim, da\u015fary s\u00f6wda dolany\u015fygy bolsa 9,2 g\u00f6terim \u00fdokarlandy. \u015eu \u00fdyly\u0148 on a\u00fdyny\u0148 deslapky jemleri bo\u00fdun\u00e7a D\u00f6wlet b\u00fdujetini\u0148 girdeji b\u00f6legini\u0148 me\u00fdilnamasyny\u0148 100 g\u00f6terim, \u00e7ykdajy b\u00f6legini\u0148 me\u00fdilnamasyny\u0148 96,3 g\u00f6terim \u00fderine \u00fdetirilmegine gara\u015fyl\u00fdar.<br \/>\n\u00ddurdumyzy\u0148 iri we orta k\u00e4rhanalarynda orta\u00e7a a\u00fdlyk z\u00e4hmet haky, 2024-nji \u00fdyly\u0148 degi\u015fli d\u00f6wr\u00fcne g\u00f6r\u00e4, 11,9 g\u00f6terim \u00fdokarlandy. Z\u00e4hmet haklary, pensi\u00fdalar, d\u00f6wlet k\u00f6mek pullary, talyp haklary \u00f6z wagtynda mali\u00fdele\u015fdirildi. Mali\u00fdele\u015fdirmegi\u0148 \u00e4hli \u00e7e\u015fmelerini\u0148 hasabyna \u00f6zle\u015fdirilen d\u00fc\u00fdpli ma\u00fda go\u00fdumlary\u0148 m\u00f6\u00e7beri, ge\u00e7en \u00fdyly\u0148 degi\u015fli d\u00f6wri bilen de\u0148e\u015fdirilende, 3,7 g\u00f6terim artdy. \u015ee\u00fdle hem Oba milli maksatnamasyny durmu\u015fa ge\u00e7irmegi\u0148 \u00e7\u00e4klerinde \u00fderine \u00fdetirilen i\u015fler baradaky maglumatlar be\u00fdan edildi.<br \/>\nHormatly Prezidentimiz hasabaty di\u0148l\u00e4p, ykdysady\u00fdet, mali\u00fde we bank toplumyny\u0148 i\u015fini\u0148 \u00fdurdumyzy\u0148 hemmetarapla\u00fdyn \u00f6s\u00fc\u015fi bilen a\u00fdrylmaz baglydygyny a\u00fdtdy. \u015eunu\u0148 bilen baglylykda, d\u00f6wlet Ba\u015ftutanymyz wise-prem\u00fdere toplumy\u0148 i\u015fini k\u00e4mille\u015fdirmegi dowam etdirmegi tab\u015fyrdy.<\/p>\n","protected":false},"excerpt":{"rendered":"<p>31-nji okt\u00fdabrda ge\u00e7irilen sanly ulgam arkaly Ministrler Kabinetini\u0148 mejlisinde Ministrler Kabinetini\u0148 Ba\u015flygyny\u0148 orunbasary H.Geldimyradow \u015fu \u00fdyly\u0148 \u00fdanwar \u2014 okt\u00fdabr a\u00fdlaryny\u0148 deslapky makroykdysady g\u00f6rkezijileri barada hasabat berdi. Bellenili\u015fi \u00fdaly, hasabat d\u00f6wr\u00fcnde jemi i\u00e7erki \u00f6n\u00fcmi\u0148 \u00f6s\u00fc\u015fi 6,3 g\u00f6terime de\u0148 boldy, \u015fol sanda \u00f6s\u00fc\u015f depgini senagat pudagynda 1,7 g\u00f6terime, gurlu\u015fykda 8,1 g\u00f6terime, ulag-aragatna\u015fyk pudagynda 10,4 g\u00f6terime, s\u00f6wdada 9,7 [&hellip;]<\/p>\n","protected":false},"author":2,"featured_media":114238,"comment_status":"open","ping_status":"closed","sticky":false,"template":"","format":"standard","meta":{"footnotes":""},"categories":[3],"tags":[],"acf":[],"_links":{"self":[{"href":"https:\/\/zamanturkmenistan.com.tm\/index.php?rest_route=\/wp\/v2\/posts\/150419"}],"collection":[{"href":"https:\/\/zamanturkmenistan.com.tm\/index.php?rest_route=\/wp\/v2\/posts"}],"about":[{"href":"https:\/\/zamanturkmenistan.com.tm\/index.php?rest_route=\/wp\/v2\/types\/post"}],"author":[{"embeddable":true,"href":"https:\/\/zamanturkmenistan.com.tm\/index.php?rest_route=\/wp\/v2\/users\/2"}],"replies":[{"embeddable":true,"href":"https:\/\/zamanturkmenistan.com.tm\/index.php?rest_route=%2Fwp%2Fv2%2Fcomments&post=150419"}],"version-history":[{"count":1,"href":"https:\/\/zamanturkmenistan.com.tm\/index.php?rest_route=\/wp\/v2\/posts\/150419\/revisions"}],"predecessor-version":[{"id":150420,"href":"https:\/\/zamanturkmenistan.com.tm\/index.php?rest_route=\/wp\/v2\/posts\/150419\/revisions\/150420"}],"wp:featuredmedia":[{"embeddable":true,"href":"https:\/\/zamanturkmenistan.com.tm\/index.php?rest_route=\/wp\/v2\/media\/114238"}],"wp:attachment":[{"href":"https:\/\/zamanturkmenistan.com.tm\/index.php?rest_route=%2Fwp%2Fv2%2Fmedia&parent=150419"}],"wp:term":[{"taxonomy":"category","embeddable":true,"href":"https:\/\/zamanturkmenistan.com.tm\/index.php?rest_route=%2Fwp%2Fv2%2Fcategories&post=150419"},{"taxonomy":"post_tag","embeddable":true,"href":"https:\/\/zamanturkmenistan.com.tm\/index.php?rest_route=%2Fwp%2Fv2%2Ftags&post=150419"}],"curies":[{"name":"wp","href":"https:\/\/api.w.org\/{rel}","templated":true}]}}