{"id":150593,"date":"2025-11-03T10:02:53","date_gmt":"2025-11-03T05:02:53","guid":{"rendered":"https:\/\/zamanturkmenistan.com.tm\/?p=150593"},"modified":"2025-11-03T16:03:38","modified_gmt":"2025-11-03T11:03:38","slug":"turkmenistanyn-prezidenti-calyk-holding-kompaniyasynyn-yolbascysyny-kabul-etdi","status":"publish","type":"post","link":"https:\/\/zamanturkmenistan.com.tm\/?p=150593","title":{"rendered":"T\u00fcrkmenistany\u0148 Prezidenti \u00ab\u00c7alyk Holding\u00bb kompani\u00fdasyny\u0148 \u00fdolba\u015f\u00e7ysyny kabul etdi"},"content":{"rendered":"<p>2-nji no\u00fdabrda hormatly Prezidentimiz Serdar Berdimuhamedow Balkan wela\u00fdatyna i\u015f saparyny\u0148 \u00e7\u00e4klerinde \u00ab\u00c7alyk Holding\u00bb kompani\u00fdalar toparyny\u0148 dolandyryjylar ge\u0148e\u015fini\u0148 ba\u015flygy Ahmet \u00c7alygy kabul etdi.<br \/>\nI\u015few\u00fcr \u00f6zara hyzmatda\u015flygy\u0148 ileri tutul\u00fdan ugurlary barada pikir aly\u015fmaga d\u00f6redilen m\u00fcmkin\u00e7ilik \u00fc\u00e7in t\u00fc\u00fds \u00fd\u00fcrekden ho\u015fallyk bildirip, Balkan wela\u00fdatynda t\u00e4ze desgalary\u0148 a\u00e7yly\u015f hem-de d\u00fc\u00fdb\u00fcni tutmak dabaralaryny\u0148 T\u00fcrkmenistany\u0148 barha art\u00fdan ykdysady kuwwatyna \u015fa\u00fdatlyk ed\u00fd\u00e4ndigini belledi. Ahmet \u00c7alyk Gara\u015fsyzlyk \u00fdyllarynda T\u00fcrkmenistanda asyrlara barabar i\u015fleri\u0148 durmu\u015fa ge\u00e7irilendigini bell\u00e4p, bu \u00fcst\u00fcnlikleri\u0148 t\u00fcrkmen halkyny\u0148 Milli Liderini\u0148 ba\u015fyny ba\u015flan i\u015flerini\u0148 hormatly Prezidentimizi\u0148 ba\u015ftutanlygynda rowa\u00e7lyklara beslen\u00fd\u00e4ndigini\u0148 a\u00fddy\u0148 be\u00fdanydygyny nygtady. \u015ee\u00fdle-de ol ata Watany T\u00fcrkmenistanda gi\u0148 m\u00f6\u00e7berli maksatnamalary durmu\u015fa ge\u00e7irm\u00e4ge go\u015fant go\u015fmagy\u0148 \u00fdolba\u015f\u00e7ylyk ed\u00fd\u00e4n kompani\u00fdasy \u00fc\u00e7in uly hormatdygyny a\u00fdtdy.<br \/>\nD\u00f6wlet Ba\u015ftutanymyz Gara\u015fsyzlygy\u0148 ilkinji \u00fdyllaryndan b\u00e4ri T\u00fcrkmenistan bilen T\u00fcrki\u00fde Respublikasyny\u0148 arasyndaky ho\u015fni\u00fdetli we dost-doganlyk gatna\u015fyklary\u0148 yzygiderli pugtalandyryl\u00fdandygyny belledi. Nygtaly\u015fy \u00fdaly, gadymy d\u00f6w\u00fcrlerden g\u00f6zba\u015f al\u00fdan t\u00fcrkmen-t\u00fcrk gatna\u015fyklary h\u00e4zirki d\u00f6w\u00fcrde barha rowa\u00e7lanyp, t\u00e4ze mazmun bilen ba\u00fdla\u015fdyryl\u00fdar. Hyzmatda\u015flyk birn\u00e4\u00e7e ugurlarda, \u015fol sanda energetika, dokma senagaty, gurlu\u015fyk we ykdysady\u00fdeti\u0148 be\u00fdleki pudaklarynda \u00fcst\u00fcnlikli \u00f6sd\u00fcril\u00fd\u00e4r.<br \/>\nHormatly Prezidentimiz energetika ulgamyndaky taslamalara \u00fcnsi \u00e7ekip, h\u00e4zirki wagtda Hazary\u0148 t\u00fcrkmen kenarynda gurlu\u015fygy dowam ed\u00fd\u00e4n, utga\u015fykly dolany\u015fykda i\u015fle\u00fd\u00e4n elektrik stansi\u00fdasyny\u0148 elektrik energi\u00fdasyny Hazar de\u0148zini\u0148 \u00fcsti bilen go\u0148\u015fy d\u00f6wletlere, \u015fol sanda doganlyk T\u00fcrki\u00fd\u00e4 we \u015fol \u00fderden be\u00fdleki \u00fdurtlara eksport etmek m\u00fcmkin\u00e7iligini d\u00f6retjekdigini belledi. D\u00f6wlet Ba\u015ftutanymyz Balkan wela\u00fdatynda gurlu\u015fygyna badalga berlen, kuwwatlylygy \u00fdylda 1 million 155 m\u00fc\u0148 tonna karbamid \u00f6nd\u00fcrm\u00e4ge ukyply toplumy\u0148 \u00fdurdumyzy\u0148 ykdysady\u00fdetini diwersifikasi\u00fda \u00fdoly bilen \u00f6sd\u00fcrmekde uly \u00e4hmi\u00fdete e\u00fdedigini a\u00fddyp, \u201c\u00c7alyk Holding\u201d kompani\u00fdasyny\u0148 mundan be\u00fdl\u00e4k-de t\u00e4ze, d\u00f6wr\u00fc\u0148 \u00f6sen talaplaryna la\u00fdyk gel\u00fd\u00e4n tehnologi\u00fdalary we enjamlary orna\u015fdyrmak arkaly T\u00fcrkmenistanda d\u00f6wlet \u00e4hmi\u00fdetli taslamalary amala a\u015fyrmak bo\u00fdun\u00e7a netijeli i\u015fleri ge\u00e7irjekdigine ynam bildirdi.<br \/>\nAhmet \u00c7alyk bildiril\u00fd\u00e4n \u00fdokary ynam \u00fc\u00e7in t\u00fc\u00fds \u00fd\u00fcrekden ho\u015fallygyny be\u00fdan edip, \u00fdolba\u015f\u00e7ylyk ed\u00fd\u00e4n kompani\u00fdasyny\u0148 \u00f6z \u015fertnamala\u00fdyn bor\u00e7namalaryna mundan be\u00fdl\u00e4k-de \u00f6r\u00e4n jogapk\u00e4r\u00e7ilikli \u00e7emele\u015fjekdigini nygtady.<\/p>\n","protected":false},"excerpt":{"rendered":"<p>2-nji no\u00fdabrda hormatly Prezidentimiz Serdar Berdimuhamedow Balkan wela\u00fdatyna i\u015f saparyny\u0148 \u00e7\u00e4klerinde \u00ab\u00c7alyk Holding\u00bb kompani\u00fdalar toparyny\u0148 dolandyryjylar ge\u0148e\u015fini\u0148 ba\u015flygy Ahmet \u00c7alygy kabul etdi. I\u015few\u00fcr \u00f6zara hyzmatda\u015flygy\u0148 ileri tutul\u00fdan ugurlary barada pikir aly\u015fmaga d\u00f6redilen m\u00fcmkin\u00e7ilik \u00fc\u00e7in t\u00fc\u00fds \u00fd\u00fcrekden ho\u015fallyk bildirip, Balkan wela\u00fdatynda t\u00e4ze desgalary\u0148 a\u00e7yly\u015f hem-de d\u00fc\u00fdb\u00fcni tutmak dabaralaryny\u0148 T\u00fcrkmenistany\u0148 barha art\u00fdan ykdysady kuwwatyna \u015fa\u00fdatlyk ed\u00fd\u00e4ndigini belledi. [&hellip;]<\/p>\n","protected":false},"author":2,"featured_media":107527,"comment_status":"open","ping_status":"closed","sticky":false,"template":"","format":"standard","meta":{"footnotes":""},"categories":[3],"tags":[],"acf":[],"_links":{"self":[{"href":"https:\/\/zamanturkmenistan.com.tm\/index.php?rest_route=\/wp\/v2\/posts\/150593"}],"collection":[{"href":"https:\/\/zamanturkmenistan.com.tm\/index.php?rest_route=\/wp\/v2\/posts"}],"about":[{"href":"https:\/\/zamanturkmenistan.com.tm\/index.php?rest_route=\/wp\/v2\/types\/post"}],"author":[{"embeddable":true,"href":"https:\/\/zamanturkmenistan.com.tm\/index.php?rest_route=\/wp\/v2\/users\/2"}],"replies":[{"embeddable":true,"href":"https:\/\/zamanturkmenistan.com.tm\/index.php?rest_route=%2Fwp%2Fv2%2Fcomments&post=150593"}],"version-history":[{"count":1,"href":"https:\/\/zamanturkmenistan.com.tm\/index.php?rest_route=\/wp\/v2\/posts\/150593\/revisions"}],"predecessor-version":[{"id":150594,"href":"https:\/\/zamanturkmenistan.com.tm\/index.php?rest_route=\/wp\/v2\/posts\/150593\/revisions\/150594"}],"wp:featuredmedia":[{"embeddable":true,"href":"https:\/\/zamanturkmenistan.com.tm\/index.php?rest_route=\/wp\/v2\/media\/107527"}],"wp:attachment":[{"href":"https:\/\/zamanturkmenistan.com.tm\/index.php?rest_route=%2Fwp%2Fv2%2Fmedia&parent=150593"}],"wp:term":[{"taxonomy":"category","embeddable":true,"href":"https:\/\/zamanturkmenistan.com.tm\/index.php?rest_route=%2Fwp%2Fv2%2Fcategories&post=150593"},{"taxonomy":"post_tag","embeddable":true,"href":"https:\/\/zamanturkmenistan.com.tm\/index.php?rest_route=%2Fwp%2Fv2%2Ftags&post=150593"}],"curies":[{"name":"wp","href":"https:\/\/api.w.org\/{rel}","templated":true}]}}