{"id":151097,"date":"2025-11-07T17:29:49","date_gmt":"2025-11-07T12:29:49","guid":{"rendered":"https:\/\/zamanturkmenistan.com.tm\/?p=151097"},"modified":"2025-11-07T17:29:49","modified_gmt":"2025-11-07T12:29:49","slug":"luwrun-abatlayys-taslamasy-115-milliard-yewro-duser","status":"publish","type":"post","link":"https:\/\/zamanturkmenistan.com.tm\/?p=151097","title":{"rendered":"Luwru\u0148 abatla\u00fdy\u015f taslamasy 1,15 milliard \u00fdewro d\u00fc\u015fer"},"content":{"rendered":"<p>Fransi\u00fdany\u0148 Prezidenti Emmanuel Makron tarapyndan 2025-nji \u00fdyly\u0148 \u00fdanwarynda yglan edilen Luwr muze\u00fdini\u0148 abatla\u00fdy\u015f taslamasyna \u00f6\u0148 \u00e7aklanyl\u00fdan 700-800 million \u00fdewrony\u0148 \u00fderine 1,15 milliard \u00fdewro \u00e7ykdajy edilmegine gara\u015fyl\u00fdar. Bu barada Fransi\u00fdany\u0148 Hasap palatasyny\u0148 ta\u00fd\u00fdarlanan hasabatynda a\u00fddyl\u00fdar. 2025-nji \u00fdyly\u0148 \u00fdanwarynda Fransi\u00fdany\u0148 Prezidenti Emmanuel Makron muze\u00fdi\u0148 abatla\u00fdy\u015f i\u015flerine g\u00f6n\u00fckdirilen \u201cLuwru\u0148 t\u00e4ze Galkyny\u015fy\u201d di\u00fdlip atlandyryl\u00fdan maksatnamasyny m\u00e4lim edipdi.<\/p>\n","protected":false},"excerpt":{"rendered":"<p>Fransi\u00fdany\u0148 Prezidenti Emmanuel Makron tarapyndan 2025-nji \u00fdyly\u0148 \u00fdanwarynda yglan edilen Luwr muze\u00fdini\u0148 abatla\u00fdy\u015f taslamasyna \u00f6\u0148 \u00e7aklanyl\u00fdan 700-800 million \u00fdewrony\u0148 \u00fderine 1,15 milliard \u00fdewro \u00e7ykdajy edilmegine gara\u015fyl\u00fdar. Bu barada Fransi\u00fdany\u0148 Hasap palatasyny\u0148 ta\u00fd\u00fdarlanan hasabatynda a\u00fddyl\u00fdar. 2025-nji \u00fdyly\u0148 \u00fdanwarynda Fransi\u00fdany\u0148 Prezidenti Emmanuel Makron muze\u00fdi\u0148 abatla\u00fdy\u015f i\u015flerine g\u00f6n\u00fckdirilen \u201cLuwru\u0148 t\u00e4ze Galkyny\u015fy\u201d di\u00fdlip atlandyryl\u00fdan maksatnamasyny m\u00e4lim edipdi.<\/p>\n","protected":false},"author":2,"featured_media":60994,"comment_status":"open","ping_status":"closed","sticky":false,"template":"","format":"standard","meta":{"footnotes":""},"categories":[5],"tags":[],"acf":[],"_links":{"self":[{"href":"https:\/\/zamanturkmenistan.com.tm\/index.php?rest_route=\/wp\/v2\/posts\/151097"}],"collection":[{"href":"https:\/\/zamanturkmenistan.com.tm\/index.php?rest_route=\/wp\/v2\/posts"}],"about":[{"href":"https:\/\/zamanturkmenistan.com.tm\/index.php?rest_route=\/wp\/v2\/types\/post"}],"author":[{"embeddable":true,"href":"https:\/\/zamanturkmenistan.com.tm\/index.php?rest_route=\/wp\/v2\/users\/2"}],"replies":[{"embeddable":true,"href":"https:\/\/zamanturkmenistan.com.tm\/index.php?rest_route=%2Fwp%2Fv2%2Fcomments&post=151097"}],"version-history":[{"count":1,"href":"https:\/\/zamanturkmenistan.com.tm\/index.php?rest_route=\/wp\/v2\/posts\/151097\/revisions"}],"predecessor-version":[{"id":151098,"href":"https:\/\/zamanturkmenistan.com.tm\/index.php?rest_route=\/wp\/v2\/posts\/151097\/revisions\/151098"}],"wp:featuredmedia":[{"embeddable":true,"href":"https:\/\/zamanturkmenistan.com.tm\/index.php?rest_route=\/wp\/v2\/media\/60994"}],"wp:attachment":[{"href":"https:\/\/zamanturkmenistan.com.tm\/index.php?rest_route=%2Fwp%2Fv2%2Fmedia&parent=151097"}],"wp:term":[{"taxonomy":"category","embeddable":true,"href":"https:\/\/zamanturkmenistan.com.tm\/index.php?rest_route=%2Fwp%2Fv2%2Fcategories&post=151097"},{"taxonomy":"post_tag","embeddable":true,"href":"https:\/\/zamanturkmenistan.com.tm\/index.php?rest_route=%2Fwp%2Fv2%2Ftags&post=151097"}],"curies":[{"name":"wp","href":"https:\/\/api.w.org\/{rel}","templated":true}]}}