{"id":151269,"date":"2025-11-09T15:34:46","date_gmt":"2025-11-09T10:34:46","guid":{"rendered":"https:\/\/zamanturkmenistan.com.tm\/?p=151269"},"modified":"2025-11-11T10:11:01","modified_gmt":"2025-11-11T05:11:01","slug":"boliwiyanyn-prezidenti-kasam-kabul-etdi","status":"publish","type":"post","link":"https:\/\/zamanturkmenistan.com.tm\/?p=151269","title":{"rendered":"Boliwi\u00fdany\u0148 Prezidenti kasam kabul etdi"},"content":{"rendered":"<p>8-nji no\u00fdabrda Boliwi\u00fdany\u0148 Prezidenti Rodrigo Pas kasam kabul edip, wezipesine giri\u015fdi. Bu barada \u00fdurdu\u0148 tele\u00fda\u00fdlymy habar berdi.<br \/>\nKasam kabul edi\u015f dabarasyna Argentina, Paragwa\u00fd, Urugwa\u00fd, \u00c7ili, Ekwador \u00fdaly birn\u00e4\u00e7e \u00fdurdu\u0148 Prezidentleri gatna\u015fdy. Boliwi\u00fdany\u0148 wise-prezidenti Edmand Lara hem kasam kabul etdi.<br \/>\nPas 19-njy okt\u00fdabrda ge\u00e7irilen Prezident sa\u00fdlawlaryny\u0148 ikinji tapgyrynda d\u00f6wlet Ba\u015ftutany wezipesine sa\u00fdlandy. Ol \u201cSosializme tarap hereketi\u0148\u00bb wekili Luis Arseni\u0148 \u00fderine ge\u00e7di. Bu bolsa iki on\u00fdyllyga gola\u00fd d\u00f6w\u00fcrden so\u0148 sy\u00fdasy g\u00fc\u00fd\u00e7leri\u0148 de\u0148agramlylygyny \u00fc\u00fdtgetmek \u00fc\u00e7in \u00e4dilen \u00e4dim boldy. \u00c7\u00fcnki bu d\u00f6w\u00fcrde \u00e7ep\u00e7i g\u00fc\u00fd\u00e7ler h\u00e4kimi\u00fdetde agalyk ediji orny e\u00fdele\u00fd\u00e4rdi.<br \/>\n1989-njy \u00fdyldan 1993-nji \u00fdyla \u00e7enli \u00fdurdy dolandyran Boliwi\u00fdany\u0148 \u00f6\u0148ki Prezidenti Ha\u00fdme Pasa Samoryny\u0148 ogly Pas &#8220;kapitalizm hemmeler \u00fc\u00e7in&#8221; \u015fygary astynda \u00f6zgertmeleri amala a\u015fyrmaga wada ber\u00fd\u00e4r. Ol salgyt girdejilerini sebitleri\u0148 we \u015f\u00e4her h\u00e4kimliklerini\u0148 pe\u00fddasyna ga\u00fdtadan pa\u00fdlamak arkaly ykdysady\u00fdeti\u0148 merkezle\u015fdirilmezligini\u0148 tarapdary. \u015ee\u00fdle hem, ol el\u00fdeterli karzlar maksatnamasyny\u0148 girizilmegini we ki\u00e7i we orta k\u00e4rhanalara goldaw bermek \u00fc\u00e7in salgyt \u00fde\u0148illiklerini\u0148 berilmegini golda\u00fdar.<br \/>\n\u015eol bir wagty\u0148 \u00f6z\u00fcnde, ol \u00f6z ykdysady sy\u00fdasatyny durmu\u015fa ge\u00e7irmek maksady bilen halkara mali\u00fde edaralaryndan karz almak m\u00fcmkin\u00e7iligini aradan a\u00fdyr\u00fdar. \u015ee\u00fdle hem sy\u00fdasat\u00e7y Boliwi\u00fdany\u0148 d\u00fcn\u00fd\u00e4ni\u0148 \u00e4hli \u00fdurtlary bilen gatna\u015fyklaryny \u00f6sd\u00fcrmegi maksat edin\u00fd\u00e4r.<br \/>\nG\u00fcnorta Amerikany\u0148 merkezinde \u00fderle\u015f\u00fd\u00e4n k\u00f6p milletli bu \u00fdurtda 12 milliondan gowrak adam \u00fda\u015fa\u00fdar. \u00ddurtda 37 sany resmi d\u00f6wlet dili bar. Pa\u00fdtagty Sukre, \u00fd\u00f6ne d\u00f6wlet edaralaryny\u0148 k\u00f6p\u00fcsi La-Pasda \u00fderle\u015f\u00fd\u00e4r.<\/p>\n","protected":false},"excerpt":{"rendered":"<p>8-nji no\u00fdabrda Boliwi\u00fdany\u0148 Prezidenti Rodrigo Pas kasam kabul edip, wezipesine giri\u015fdi. Bu barada \u00fdurdu\u0148 tele\u00fda\u00fdlymy habar berdi. Kasam kabul edi\u015f dabarasyna Argentina, Paragwa\u00fd, Urugwa\u00fd, \u00c7ili, Ekwador \u00fdaly birn\u00e4\u00e7e \u00fdurdu\u0148 Prezidentleri gatna\u015fdy. Boliwi\u00fdany\u0148 wise-prezidenti Edmand Lara hem kasam kabul etdi. Pas 19-njy okt\u00fdabrda ge\u00e7irilen Prezident sa\u00fdlawlaryny\u0148 ikinji tapgyrynda d\u00f6wlet Ba\u015ftutany wezipesine sa\u00fdlandy. Ol \u201cSosializme tarap hereketi\u0148\u00bb [&hellip;]<\/p>\n","protected":false},"author":2,"featured_media":151270,"comment_status":"open","ping_status":"closed","sticky":false,"template":"","format":"standard","meta":{"footnotes":""},"categories":[5],"tags":[],"acf":[],"_links":{"self":[{"href":"https:\/\/zamanturkmenistan.com.tm\/index.php?rest_route=\/wp\/v2\/posts\/151269"}],"collection":[{"href":"https:\/\/zamanturkmenistan.com.tm\/index.php?rest_route=\/wp\/v2\/posts"}],"about":[{"href":"https:\/\/zamanturkmenistan.com.tm\/index.php?rest_route=\/wp\/v2\/types\/post"}],"author":[{"embeddable":true,"href":"https:\/\/zamanturkmenistan.com.tm\/index.php?rest_route=\/wp\/v2\/users\/2"}],"replies":[{"embeddable":true,"href":"https:\/\/zamanturkmenistan.com.tm\/index.php?rest_route=%2Fwp%2Fv2%2Fcomments&post=151269"}],"version-history":[{"count":1,"href":"https:\/\/zamanturkmenistan.com.tm\/index.php?rest_route=\/wp\/v2\/posts\/151269\/revisions"}],"predecessor-version":[{"id":151271,"href":"https:\/\/zamanturkmenistan.com.tm\/index.php?rest_route=\/wp\/v2\/posts\/151269\/revisions\/151271"}],"wp:featuredmedia":[{"embeddable":true,"href":"https:\/\/zamanturkmenistan.com.tm\/index.php?rest_route=\/wp\/v2\/media\/151270"}],"wp:attachment":[{"href":"https:\/\/zamanturkmenistan.com.tm\/index.php?rest_route=%2Fwp%2Fv2%2Fmedia&parent=151269"}],"wp:term":[{"taxonomy":"category","embeddable":true,"href":"https:\/\/zamanturkmenistan.com.tm\/index.php?rest_route=%2Fwp%2Fv2%2Fcategories&post=151269"},{"taxonomy":"post_tag","embeddable":true,"href":"https:\/\/zamanturkmenistan.com.tm\/index.php?rest_route=%2Fwp%2Fv2%2Ftags&post=151269"}],"curies":[{"name":"wp","href":"https:\/\/api.w.org\/{rel}","templated":true}]}}