{"id":151272,"date":"2025-11-09T15:36:33","date_gmt":"2025-11-09T10:36:33","guid":{"rendered":"https:\/\/zamanturkmenistan.com.tm\/?p=151272"},"modified":"2025-11-09T15:36:33","modified_gmt":"2025-11-09T10:36:33","slug":"albaniya-2030-njy-yyla-cenli-yb-e-gosulmakcy","status":"publish","type":"post","link":"https:\/\/zamanturkmenistan.com.tm\/?p=151272","title":{"rendered":"Albani\u00fda 2030-njy \u00fdyla \u00e7enli \u00ddB-e go\u015fulmak\u00e7y"},"content":{"rendered":"<p>Albani\u00fdany\u0148 Prem\u00fder-ministri Edi Rama Awstri\u00fdany\u0148 &#8220;Die Presse&#8221; gazetine beren interw\u00fdusynda \u00f6z \u00fdurduny\u0148 2030-njy \u00fdyla \u00e7enli \u00ddewropa Bilele\u015figine go\u015fulmagyna bil bagla\u00fdandygyny a\u00fdtdy. Ramany\u0148 s\u00f6zlerine g\u00f6r\u00e4, Tirana \u00ddewropa Komissi\u00fdasy bilen bilelikde 2027-nji \u00fdyla \u00e7enli geple\u015fik prosesini tamamlamak \u00fc\u00e7in tertipnama i\u015fl\u00e4p d\u00fczdi, \u015fondan so\u0148 ylala\u015fyklary\u0148 \u00ddewropa Bilele\u015figine agza \u00fdurtlary tarapyndan tassyklanmagy \u00fc\u00e7in takmynan iki \u00fdyl gerek bolar.<br \/>\n-Bizi\u0148 me\u00fdilnamamyz, m\u00f6hletimiz we etmeli i\u015flerimiz k\u00f6p. Bulary\u0148 hemmesi \u00ddewropa Komissi\u00fdasy bilen bilelikd\u00e4ki me\u00fdilnamamyzy\u0148 bir b\u00f6legidir. Biz \u00fdeke \u00f6z\u00fcmiz hereket etme\u00fd\u00e4ris; bizi\u0148 hemmetarapla\u00fdyn goldawymyz bar. Geple\u015fikler tamamlanandan so\u0148, tassyklama prosesleri \u00fc\u00e7in \u00fdene iki \u00fdyl gara\u015f\u00fdarys. \u015eonu\u0148 \u00fc\u00e7in bizi\u0148 maksatly senemiz 2030-njy \u00fdyl &#8211; di\u00fdip, Prem\u00fder-ministr belledi.<br \/>\nOl bu wagt tertibini\u0148 takyk hasaplamalara esaslan\u00fdandygyny d\u00fc\u015f\u00fcndirdi. &#8211; Ol \u00fc\u00fdtgedilip bilnermi? Elbetde, \u00fd\u00f6ne bizi\u0148 g\u00fcn\u00e4miz bilen d\u00e4l. Eger bir zat \u00fc\u00fdtgese, bu \u00ddewropa Bilele\u015figini\u0148 karary bilen bolar &#8211; di\u00fdip, Rama s\u00f6z\u00fcni\u0148 \u00fcst\u00fcne go\u015fdy.<br \/>\n\u00ddurt 2014-nji \u00fdyly\u0148 i\u00fdun a\u00fdynda \u00ddewropa Bilele\u015figine go\u015fulmak \u00fc\u00e7in resmi dala\u015fg\u00e4r derejesini aldy. \u00ddewropa Bilele\u015figini\u0148 Ge\u0148e\u015fi, 2020-nji \u00fdyly\u0148 mart a\u00fdynda Albani\u00fdany\u0148 bilele\u015fige go\u015fulmagy baradaky geple\u015fiklerini\u0148 ba\u015flamagyny makullady. 2022-nji \u00fdyly\u0148 i\u00fdulynda Albani\u00fda bilen \u015fe\u00fdle geple\u015fiklere ba\u015flady.<br \/>\nG\u00fcnbatar Balkan \u00fdarym adasyndaky \u00fdurtda 2 million 402 m\u00fc\u0148den gowrak ilat \u00fda\u015fa\u00fdar. \u00ddurdu\u0148 pa\u00fdtagty Tirana \u015f\u00e4heri. Resmi dil alban dilidir.<\/p>\n","protected":false},"excerpt":{"rendered":"<p>Albani\u00fdany\u0148 Prem\u00fder-ministri Edi Rama Awstri\u00fdany\u0148 &#8220;Die Presse&#8221; gazetine beren interw\u00fdusynda \u00f6z \u00fdurduny\u0148 2030-njy \u00fdyla \u00e7enli \u00ddewropa Bilele\u015figine go\u015fulmagyna bil bagla\u00fdandygyny a\u00fdtdy. Ramany\u0148 s\u00f6zlerine g\u00f6r\u00e4, Tirana \u00ddewropa Komissi\u00fdasy bilen bilelikde 2027-nji \u00fdyla \u00e7enli geple\u015fik prosesini tamamlamak \u00fc\u00e7in tertipnama i\u015fl\u00e4p d\u00fczdi, \u015fondan so\u0148 ylala\u015fyklary\u0148 \u00ddewropa Bilele\u015figine agza \u00fdurtlary tarapyndan tassyklanmagy \u00fc\u00e7in takmynan iki \u00fdyl gerek bolar. -Bizi\u0148 [&hellip;]<\/p>\n","protected":false},"author":2,"featured_media":42182,"comment_status":"open","ping_status":"closed","sticky":false,"template":"","format":"standard","meta":{"footnotes":""},"categories":[5],"tags":[],"acf":[],"_links":{"self":[{"href":"https:\/\/zamanturkmenistan.com.tm\/index.php?rest_route=\/wp\/v2\/posts\/151272"}],"collection":[{"href":"https:\/\/zamanturkmenistan.com.tm\/index.php?rest_route=\/wp\/v2\/posts"}],"about":[{"href":"https:\/\/zamanturkmenistan.com.tm\/index.php?rest_route=\/wp\/v2\/types\/post"}],"author":[{"embeddable":true,"href":"https:\/\/zamanturkmenistan.com.tm\/index.php?rest_route=\/wp\/v2\/users\/2"}],"replies":[{"embeddable":true,"href":"https:\/\/zamanturkmenistan.com.tm\/index.php?rest_route=%2Fwp%2Fv2%2Fcomments&post=151272"}],"version-history":[{"count":1,"href":"https:\/\/zamanturkmenistan.com.tm\/index.php?rest_route=\/wp\/v2\/posts\/151272\/revisions"}],"predecessor-version":[{"id":151273,"href":"https:\/\/zamanturkmenistan.com.tm\/index.php?rest_route=\/wp\/v2\/posts\/151272\/revisions\/151273"}],"wp:featuredmedia":[{"embeddable":true,"href":"https:\/\/zamanturkmenistan.com.tm\/index.php?rest_route=\/wp\/v2\/media\/42182"}],"wp:attachment":[{"href":"https:\/\/zamanturkmenistan.com.tm\/index.php?rest_route=%2Fwp%2Fv2%2Fmedia&parent=151272"}],"wp:term":[{"taxonomy":"category","embeddable":true,"href":"https:\/\/zamanturkmenistan.com.tm\/index.php?rest_route=%2Fwp%2Fv2%2Fcategories&post=151272"},{"taxonomy":"post_tag","embeddable":true,"href":"https:\/\/zamanturkmenistan.com.tm\/index.php?rest_route=%2Fwp%2Fv2%2Ftags&post=151272"}],"curies":[{"name":"wp","href":"https:\/\/api.w.org\/{rel}","templated":true}]}}