{"id":151274,"date":"2025-11-09T15:38:46","date_gmt":"2025-11-09T10:38:46","guid":{"rendered":"https:\/\/zamanturkmenistan.com.tm\/?p=151274"},"modified":"2025-11-09T15:38:46","modified_gmt":"2025-11-09T10:38:46","slug":"kolumbiyada-latyn-amerikasy-yb-sammiti-gecirilyar","status":"publish","type":"post","link":"https:\/\/zamanturkmenistan.com.tm\/?p=151274","title":{"rendered":"Kolumbi\u00fdada Latyn Amerikasy-\u00ddB sammiti ge\u00e7iril\u00fd\u00e4r"},"content":{"rendered":"<p>9-njy no\u00fdabrda Latyn Amerikasy we Karib d\u00f6wletlerini\u0148 jemgy\u00fdeti (CELAC) bilen \u00ddewropa Bilele\u015figini\u0148 arasyndaky iki g\u00fcnl\u00fck sammit Kolumbi\u00fdany\u0148 dyn\u00e7 aly\u015f \u015f\u00e4heri Santa Martada \u00f6z i\u015fine ba\u015flady. Bu sammitde s\u00f6wda gatna\u015fyklaryny berkitmek we gurama\u00e7ylykly jena\u00fdat\u00e7ylyga gar\u015fy g\u00f6re\u015fmek ileri tutul\u00fdan meseleleri\u0148 biri bolar. Sammite \u00ddewropa Ge\u0148e\u015fini\u0148 ba\u015flygy Antonio Ko\u015fta we da\u015fary i\u015fler we howpsuzlyk sy\u00fdasaty bo\u00fdun\u00e7a \u00fdokary wekili Ka\u00fda Kallas wekil\u00e7ilik eder.<\/p>\n","protected":false},"excerpt":{"rendered":"<p>9-njy no\u00fdabrda Latyn Amerikasy we Karib d\u00f6wletlerini\u0148 jemgy\u00fdeti (CELAC) bilen \u00ddewropa Bilele\u015figini\u0148 arasyndaky iki g\u00fcnl\u00fck sammit Kolumbi\u00fdany\u0148 dyn\u00e7 aly\u015f \u015f\u00e4heri Santa Martada \u00f6z i\u015fine ba\u015flady. Bu sammitde s\u00f6wda gatna\u015fyklaryny berkitmek we gurama\u00e7ylykly jena\u00fdat\u00e7ylyga gar\u015fy g\u00f6re\u015fmek ileri tutul\u00fdan meseleleri\u0148 biri bolar. Sammite \u00ddewropa Ge\u0148e\u015fini\u0148 ba\u015flygy Antonio Ko\u015fta we da\u015fary i\u015fler we howpsuzlyk sy\u00fdasaty bo\u00fdun\u00e7a \u00fdokary wekili [&hellip;]<\/p>\n","protected":false},"author":2,"featured_media":151275,"comment_status":"open","ping_status":"closed","sticky":false,"template":"","format":"standard","meta":{"footnotes":""},"categories":[5],"tags":[],"acf":[],"_links":{"self":[{"href":"https:\/\/zamanturkmenistan.com.tm\/index.php?rest_route=\/wp\/v2\/posts\/151274"}],"collection":[{"href":"https:\/\/zamanturkmenistan.com.tm\/index.php?rest_route=\/wp\/v2\/posts"}],"about":[{"href":"https:\/\/zamanturkmenistan.com.tm\/index.php?rest_route=\/wp\/v2\/types\/post"}],"author":[{"embeddable":true,"href":"https:\/\/zamanturkmenistan.com.tm\/index.php?rest_route=\/wp\/v2\/users\/2"}],"replies":[{"embeddable":true,"href":"https:\/\/zamanturkmenistan.com.tm\/index.php?rest_route=%2Fwp%2Fv2%2Fcomments&post=151274"}],"version-history":[{"count":1,"href":"https:\/\/zamanturkmenistan.com.tm\/index.php?rest_route=\/wp\/v2\/posts\/151274\/revisions"}],"predecessor-version":[{"id":151276,"href":"https:\/\/zamanturkmenistan.com.tm\/index.php?rest_route=\/wp\/v2\/posts\/151274\/revisions\/151276"}],"wp:featuredmedia":[{"embeddable":true,"href":"https:\/\/zamanturkmenistan.com.tm\/index.php?rest_route=\/wp\/v2\/media\/151275"}],"wp:attachment":[{"href":"https:\/\/zamanturkmenistan.com.tm\/index.php?rest_route=%2Fwp%2Fv2%2Fmedia&parent=151274"}],"wp:term":[{"taxonomy":"category","embeddable":true,"href":"https:\/\/zamanturkmenistan.com.tm\/index.php?rest_route=%2Fwp%2Fv2%2Fcategories&post=151274"},{"taxonomy":"post_tag","embeddable":true,"href":"https:\/\/zamanturkmenistan.com.tm\/index.php?rest_route=%2Fwp%2Fv2%2Ftags&post=151274"}],"curies":[{"name":"wp","href":"https:\/\/api.w.org\/{rel}","templated":true}]}}