{"id":151286,"date":"2025-11-10T09:34:21","date_gmt":"2025-11-10T04:34:21","guid":{"rendered":"https:\/\/zamanturkmenistan.com.tm\/?p=151286"},"modified":"2025-11-10T09:34:21","modified_gmt":"2025-11-10T04:34:21","slug":"ahlihalk-bag-ekmek-dabarasynyn-dowamynda-449-mun-464-duyp-nahal-ekildi","status":"publish","type":"post","link":"https:\/\/zamanturkmenistan.com.tm\/?p=151286","title":{"rendered":"\u00c4hlihalk bag ekmek dabarasyny\u0148 dowamynda 449 m\u00fc\u0148 464 d\u00fc\u00fdp nahal ekildi"},"content":{"rendered":"<p>8-nji no\u00fdabrda \u00fdurdumyzda hormatly Prezidentimiz Serdar Berdimuhamedowy\u0148 gatna\u015fmagynda \u00e4hlihalk bag ekmek dabarasyny\u0148 g\u00fc\u00fdzki m\u00f6ws\u00fcmine badalga berildi.<\/p>\n<p>Dabara hatarynda Mejlisi\u0148 Ba\u015flygy, Ministrler Kabinetini\u0148 Ba\u015flygyny\u0148 orunbasarlary, harby we hukuk gora\u00fdjy edaralary\u0148, ministrlikleri\u0148, pudakla\u00fdyn dolandyry\u015f edaralaryny\u0148, da\u015fary \u00fdurtlary\u0148 we halkara guramalary\u0148 diplomatik wekilhanalaryny\u0148 \u00fdolba\u015f\u00e7ylarydyr wekilleri, halk k\u00f6p\u00e7\u00fcligi gatna\u015fdylar.<br \/>\nHormatly Prezidentimiz dabara gatna\u015fyjylary m\u00e4hirli m\u00fcb\u00e4rekl\u00e4p, bag ekmek \u00fc\u00e7in \u00fd\u00f6rite ta\u00fd\u00fdarlanylan \u00fdere bardy. Bu \u00fderde \u00fda\u015f nesli\u0148 wekili Arkadagly Gahryman Serdarymyzdan bag ekmek dabarasyna badalga bermegini ha\u00fdy\u015f etdi.<br \/>\nHormatly Prezidentimiz 12 \u00fdyl \u00fda\u015fan t\u00fcrkmen ar\u00e7asyny oturdyp, g\u00fc\u00fdzki \u00e4hlihalk bag ekmek dabarasyna badalga berdi. T\u00fcrkmen ar\u00e7asyny\u0148 \u00fda\u015fyny\u0148 12-nji dekabrda \u00fdurdumyzy\u0148 hemi\u015felik Bitaraplygyny\u0148 d\u00fcn\u00fd\u00e4 jemgy\u00fdet\u00e7iligi tarapyndan ykrar edilen g\u00fcni bilen gabat gelmegi \u00f6zbolu\u015fly mana e\u00fdedir. D\u00f6wlet Ba\u015ftutanymyzy\u0148 tutu\u015f \u00fdurdumyz bo\u00fdun\u00e7a \u00fda\u00fdba\u0148landyrylan bu asylly \u00e7\u00e4r\u00e4 gatna\u015fmagy onu\u0148 \u00e4hmi\u00fdetini has-da artdyrdy. Munu\u0148 \u00f6zi pa\u00fdhasly pederlerimizi\u0148 asyrlary\u0148 dowamynda kemala getiren d\u00e4p-dessurlaryny\u0148 h\u00e4zirki zamany\u0148 ruhuna la\u00fdyk derejede \u00f6sd\u00fcril\u00fd\u00e4ndigini alamatlandyr\u00fdar.<br \/>\nDabara gatna\u015fyjylary\u0148 \u00e4hlisi hormatly Prezidentimizi\u0148 g\u00f6reldesine e\u00fderip, bag nahallaryny ekm\u00e4ge giri\u015fdiler. D\u00fcrli g\u00f6rn\u00fc\u015fli nahallary\u0148 bu k\u00fcnjegi\u0148 toprak-howa \u015fertleri nazara alnyp ekilmegi dag etegind\u00e4ki gi\u0148i\u015fliklerde toka\u00fd zolaklaryny d\u00f6retm\u00e4ge m\u00fcmkin\u00e7ilik berer.<br \/>\n\u00c7\u00e4r\u00e4ni\u0148 dowamynda hormatly Prezidentimiz Ministrler Kabinetini\u0148 Ba\u015flygyny\u0148 k\u00e4bir orunbasarlaryny\u0148 alyp bar\u00fdan i\u015fleri bilen gyzyklandy.<br \/>\nMinistrler Kabinetini\u0148 Ba\u015flygyny\u0148 oba hojalyk toplumyna g\u00f6zeg\u00e7ilik ed\u00fd\u00e4n orunbasary T.Atahally\u00fdew hormatly Prezidentimize tutu\u015f \u00fdurdumyz bo\u00fdun\u00e7a ge\u00e7iril\u00fd\u00e4n \u00e4hlihalk bag ekmek dabarasyny\u0148 bar\u015fy hem-de Milli toka\u00fd maksatnamasyny durmu\u015fa ge\u00e7irmegi\u0148 \u00e7\u00e4klerinde \u00fderine \u00fdetiril\u00fd\u00e4n i\u015fler barada hasabat berdi. D\u00f6wlet Ba\u015ftutanymyz T\u00fcrkmenistany\u0148 ekologi\u00fda sy\u00fdasatyny\u0148 amatly we durnukly da\u015fky gur\u015fawy d\u00f6retm\u00e4ge g\u00f6n\u00fckdirilendigini bell\u00e4p, \u00fdurdumyzy bagy-bossanlyga \u00f6w\u00fcrmek bo\u00fdun\u00e7a amala a\u015fyryl\u00fdan i\u015fleri hemi\u015fe g\u00f6zeg\u00e7ilikde saklamagy tab\u015fyrdy.<br \/>\nSo\u0148ra Ministrler Kabinetini\u0148 Ba\u015flygyny\u0148 pa\u00fdtagtymyza g\u00f6zeg\u00e7ilik ed\u00fd\u00e4n orunbasary B.Annam\u00e4mmedow ba\u015f \u015f\u00e4herimizi abadanla\u015fdyrmak we bagy-bossanlyga \u00f6w\u00fcrmek bo\u00fdun\u00e7a alnyp baryl\u00fdan i\u015fler barada hasabat berdi. Hormatly Prezidentimiz sebiti\u0148 i\u0148 \u00fda\u015fyl we ekologik ta\u00fddan arassa \u015f\u00e4herlerini\u0148 biri bolan A\u015fgabat \u00fc\u00e7in bag ekmek \u00e7\u00e4relerini\u0148 m\u00f6h\u00fcm \u00e4hmi\u00fdete e\u00fdedigini a\u00fddyp, wise-prem\u00fdere pa\u00fdtagtymyzy mundan be\u00fdl\u00e4k-de \u00f6sd\u00fcrmek bo\u00fdun\u00e7a \u00fderine \u00fdetiril\u00fd\u00e4n i\u015fleri hemi\u015fe g\u00f6zeg\u00e7ilikde saklamagy tab\u015fyrdy.<br \/>\nBu dabara gatna\u015fyjylary\u0148 yhlasly z\u00e4hmeti halkymyzy\u0148 asylly i\u015flere bolan h\u00f6wesini we jebisligini alamatlandyr\u00fdar. \u00ddurdumyzda tutu\u015f halkymyz \u00fc\u00e7in b\u00e4hbitli i\u015flere hemmeleri\u0148 agzybirlikde gatna\u015fmagy asyrlar a\u015fyp gel\u00fd\u00e4n milli \u00fd\u00f6relgeleri\u0148 h\u00e4zirki d\u00f6w\u00fcrde \u00fcst\u00fcnlikli dowam etdiril\u00fd\u00e4ndigini\u0148 a\u00fddy\u0148 be\u00fdanydyr. \u015eu g\u00fcn Di\u00fdarymyzda k\u00f6p\u00e7\u00fclikle\u00fdin bag nahallaryny ekmek bilen bir hatarda, ozal bar bolan toka\u00fd zolaklaryna ideg etmek i\u015fleri hem ge\u00e7irildi. Munu\u0148 \u00f6zi se\u00fdilg\u00e4hleri\u0148 arassalygyny, abadan\u00e7ylygyny, baglary\u0148 \u00f6s\u00fc\u015fini \u00fcpj\u00fcn etmekde wajyp \u00e4hmi\u00fdete e\u00fdedir.<br \/>\nTutu\u015f \u00fdurdumyz bo\u00fdun\u00e7a ge\u00e7irilen \u00e4hlihalk bag ekmek dabarasyny\u0148 dowamynda 449 m\u00fc\u0148 464 d\u00fc\u00fdp bag nahaly ekildi. \u015ee\u00fdle hem se\u00fdilg\u00e4hleri we toka\u00fd zolaklaryny arassalamak, abadanla\u015fdyrmak i\u015fleri bilen birlikde, jemi 1 million 997 m\u00fc\u0148 775 d\u00fc\u00fdp baga ideg etmek i\u015fleri ge\u00e7irildi. \u015ee\u00fdlelikde, bu gezekki k\u00f6p\u00e7\u00fclikle\u00fdin bag ekmek dabarasy Berkarar d\u00f6wleti\u0148 t\u00e4ze e\u00fd\u00fdamyny\u0148 Galkyny\u015fy d\u00f6wr\u00fcnde \u00fdurdumyzy\u0148 ekologik abadan\u00e7ylygy \u00fcpj\u00fcn etmek, da\u015fky gur\u015fawy goramak, Durnukly \u00f6s\u00fc\u015f maksatlaryny gazanmak bo\u00fdun\u00e7a \u00e4hlumumy tagallalara go\u015f\u00fdan mynasyp go\u015fandyny\u0148 a\u00fddy\u0148 be\u00fdany boldy.<\/p>\n","protected":false},"excerpt":{"rendered":"<p>8-nji no\u00fdabrda \u00fdurdumyzda hormatly Prezidentimiz Serdar Berdimuhamedowy\u0148 gatna\u015fmagynda \u00e4hlihalk bag ekmek dabarasyny\u0148 g\u00fc\u00fdzki m\u00f6ws\u00fcmine badalga berildi. Dabara hatarynda Mejlisi\u0148 Ba\u015flygy, Ministrler Kabinetini\u0148 Ba\u015flygyny\u0148 orunbasarlary, harby we hukuk gora\u00fdjy edaralary\u0148, ministrlikleri\u0148, pudakla\u00fdyn dolandyry\u015f edaralaryny\u0148, da\u015fary \u00fdurtlary\u0148 we halkara guramalary\u0148 diplomatik wekilhanalaryny\u0148 \u00fdolba\u015f\u00e7ylarydyr wekilleri, halk k\u00f6p\u00e7\u00fcligi gatna\u015fdylar. Hormatly Prezidentimiz dabara gatna\u015fyjylary m\u00e4hirli m\u00fcb\u00e4rekl\u00e4p, bag ekmek \u00fc\u00e7in \u00fd\u00f6rite [&hellip;]<\/p>\n","protected":false},"author":2,"featured_media":151287,"comment_status":"open","ping_status":"closed","sticky":false,"template":"","format":"standard","meta":{"footnotes":""},"categories":[3],"tags":[],"acf":[],"_links":{"self":[{"href":"https:\/\/zamanturkmenistan.com.tm\/index.php?rest_route=\/wp\/v2\/posts\/151286"}],"collection":[{"href":"https:\/\/zamanturkmenistan.com.tm\/index.php?rest_route=\/wp\/v2\/posts"}],"about":[{"href":"https:\/\/zamanturkmenistan.com.tm\/index.php?rest_route=\/wp\/v2\/types\/post"}],"author":[{"embeddable":true,"href":"https:\/\/zamanturkmenistan.com.tm\/index.php?rest_route=\/wp\/v2\/users\/2"}],"replies":[{"embeddable":true,"href":"https:\/\/zamanturkmenistan.com.tm\/index.php?rest_route=%2Fwp%2Fv2%2Fcomments&post=151286"}],"version-history":[{"count":1,"href":"https:\/\/zamanturkmenistan.com.tm\/index.php?rest_route=\/wp\/v2\/posts\/151286\/revisions"}],"predecessor-version":[{"id":151288,"href":"https:\/\/zamanturkmenistan.com.tm\/index.php?rest_route=\/wp\/v2\/posts\/151286\/revisions\/151288"}],"wp:featuredmedia":[{"embeddable":true,"href":"https:\/\/zamanturkmenistan.com.tm\/index.php?rest_route=\/wp\/v2\/media\/151287"}],"wp:attachment":[{"href":"https:\/\/zamanturkmenistan.com.tm\/index.php?rest_route=%2Fwp%2Fv2%2Fmedia&parent=151286"}],"wp:term":[{"taxonomy":"category","embeddable":true,"href":"https:\/\/zamanturkmenistan.com.tm\/index.php?rest_route=%2Fwp%2Fv2%2Fcategories&post=151286"},{"taxonomy":"post_tag","embeddable":true,"href":"https:\/\/zamanturkmenistan.com.tm\/index.php?rest_route=%2Fwp%2Fv2%2Ftags&post=151286"}],"curies":[{"name":"wp","href":"https:\/\/api.w.org\/{rel}","templated":true}]}}