{"id":152211,"date":"2025-11-19T16:07:16","date_gmt":"2025-11-19T11:07:16","guid":{"rendered":"https:\/\/zamanturkmenistan.com.tm\/?p=152211"},"modified":"2025-11-19T20:49:32","modified_gmt":"2025-11-19T15:49:32","slug":"parasosial-sozi-2025-nji-yylyn-sozi-boldy","status":"publish","type":"post","link":"https:\/\/zamanturkmenistan.com.tm\/?p=152211","title":{"rendered":"&#8220;Parasosial&#8221; s\u00f6zi 2025-nji \u00fdyly\u0148 s\u00f6zi boldy"},"content":{"rendered":"<p>Kembrij i\u0148lis s\u00f6zl\u00fcgi &#8220;parasosial&#8221; sypatyny 2025-nji \u00fdyly\u0148 s\u00f6zi di\u00fdip atlandyrdy. Kembrij s\u00f6zl\u00fcgini\u0148 web sahypasynda bu s\u00f6z\u00fc\u0148 manysy d\u00fc\u015f\u00fcndiril\u00fd\u00e4r. S\u00f6z\u00fc\u0148 manysy adamy\u0148 me\u015fhur \u015fahs, edebi\u00fdat \u00fda-da kino gahrymany \u00fda-da emeli a\u0148 bilen du\u00fd\u00fdan \u00f6zara baglany\u015fygyny be\u00fdan ed\u00fd\u00e4r. \u201cParasosial gatna\u015fyk\u201d \u2013 artist bilen jank\u00f6\u00fderi\u0148 arasyndaky gatna\u015fyk, \u201cparasosial hasrat\u201d &#8211; me\u015fhur adamy\u0148 \u00f6l\u00fcminden so\u0148 d\u00f6r\u00e4n gynan\u00e7 du\u00fdgusy \u00fdaly \u00fdagda\u00fdlar mu\u0148a mysal bolup biler.<br \/>\n\u201cParasosial\u201d s\u00f6zi Kembrij i\u0148lis s\u00f6zl\u00fcgine 2023-nji \u00fdylda go\u015fuldy. Bu s\u00f6zl\u00fcgi\u0148 taryhynda \u00fdyly\u0148 s\u00f6zi di\u00fdlip atlandyrylan ikinji sypatdyr. Birinjisi 2016-njy \u00fdylda \u201cparanoidal\u201d (paranoid) bolupdy.<\/p>\n","protected":false},"excerpt":{"rendered":"<p>Kembrij i\u0148lis s\u00f6zl\u00fcgi &#8220;parasosial&#8221; sypatyny 2025-nji \u00fdyly\u0148 s\u00f6zi di\u00fdip atlandyrdy. Kembrij s\u00f6zl\u00fcgini\u0148 web sahypasynda bu s\u00f6z\u00fc\u0148 manysy d\u00fc\u015f\u00fcndiril\u00fd\u00e4r. S\u00f6z\u00fc\u0148 manysy adamy\u0148 me\u015fhur \u015fahs, edebi\u00fdat \u00fda-da kino gahrymany \u00fda-da emeli a\u0148 bilen du\u00fd\u00fdan \u00f6zara baglany\u015fygyny be\u00fdan ed\u00fd\u00e4r. \u201cParasosial gatna\u015fyk\u201d \u2013 artist bilen jank\u00f6\u00fderi\u0148 arasyndaky gatna\u015fyk, \u201cparasosial hasrat\u201d &#8211; me\u015fhur adamy\u0148 \u00f6l\u00fcminden so\u0148 d\u00f6r\u00e4n gynan\u00e7 du\u00fdgusy \u00fdaly [&hellip;]<\/p>\n","protected":false},"author":2,"featured_media":152212,"comment_status":"open","ping_status":"closed","sticky":false,"template":"","format":"standard","meta":{"footnotes":""},"categories":[5],"tags":[],"acf":[],"_links":{"self":[{"href":"https:\/\/zamanturkmenistan.com.tm\/index.php?rest_route=\/wp\/v2\/posts\/152211"}],"collection":[{"href":"https:\/\/zamanturkmenistan.com.tm\/index.php?rest_route=\/wp\/v2\/posts"}],"about":[{"href":"https:\/\/zamanturkmenistan.com.tm\/index.php?rest_route=\/wp\/v2\/types\/post"}],"author":[{"embeddable":true,"href":"https:\/\/zamanturkmenistan.com.tm\/index.php?rest_route=\/wp\/v2\/users\/2"}],"replies":[{"embeddable":true,"href":"https:\/\/zamanturkmenistan.com.tm\/index.php?rest_route=%2Fwp%2Fv2%2Fcomments&post=152211"}],"version-history":[{"count":1,"href":"https:\/\/zamanturkmenistan.com.tm\/index.php?rest_route=\/wp\/v2\/posts\/152211\/revisions"}],"predecessor-version":[{"id":152213,"href":"https:\/\/zamanturkmenistan.com.tm\/index.php?rest_route=\/wp\/v2\/posts\/152211\/revisions\/152213"}],"wp:featuredmedia":[{"embeddable":true,"href":"https:\/\/zamanturkmenistan.com.tm\/index.php?rest_route=\/wp\/v2\/media\/152212"}],"wp:attachment":[{"href":"https:\/\/zamanturkmenistan.com.tm\/index.php?rest_route=%2Fwp%2Fv2%2Fmedia&parent=152211"}],"wp:term":[{"taxonomy":"category","embeddable":true,"href":"https:\/\/zamanturkmenistan.com.tm\/index.php?rest_route=%2Fwp%2Fv2%2Fcategories&post=152211"},{"taxonomy":"post_tag","embeddable":true,"href":"https:\/\/zamanturkmenistan.com.tm\/index.php?rest_route=%2Fwp%2Fv2%2Ftags&post=152211"}],"curies":[{"name":"wp","href":"https:\/\/api.w.org\/{rel}","templated":true}]}}