{"id":152290,"date":"2025-11-19T18:33:46","date_gmt":"2025-11-19T13:33:46","guid":{"rendered":"https:\/\/zamanturkmenistan.com.tm\/?p=152290"},"modified":"2025-11-19T18:33:46","modified_gmt":"2025-11-19T13:33:46","slug":"eyranyn-prezidenti-turkmenistana-we-gazagystana-sapar-eder","status":"publish","type":"post","link":"https:\/\/zamanturkmenistan.com.tm\/?p=152290","title":{"rendered":"E\u00fdrany\u0148 Prezidenti T\u00fcrkmenistana we Gazagystana sapar eder"},"content":{"rendered":"<p>E\u00fdrany\u0148 Prezidenti Masud Peze\u015fkian dekabr a\u00fdynda T\u00fcrkmenistanda we Gazagystanda saparda bolar. E\u00fdran Yslam Respublikasyny\u0148 Da\u015fary sy\u00fdasat edarasyny\u0148 maglumatyna g\u00f6r\u00e4, bu barada E\u00fdrany\u0148 da\u015fary i\u015fler ministri Abbas Arag\u00e7i ilkinji Hazar\u00fdaka sebitini\u0148 h\u00e4kimlerini\u0148 forumyny\u0148 a\u00e7yly\u015f dabarasynda m\u00e4lim etdi.<br \/>\n-E\u00fdrany\u0148 Prezidenti Russi\u00fda we Azerba\u00fdjana sapar etdi we bu saparlar \u00f6r\u00e4n \u00fcst\u00fcnlikli boldy. Ol indiki a\u00fdda T\u00fcrkmenistana we Gazagystana sapar eder &#8211; di\u00fdlip, habarda a\u00fddyl\u00fdar.<br \/>\nBirinji Hazar\u00fdaka sebitini\u0148 h\u00e4kimlerini\u0148 forumy 18-19-njy no\u00fdabrda E\u00fdrany\u0148 demirgazyk Gilan wela\u00fdatyny\u0148 merkezi Re\u015ftde ge\u00e7iril\u00fd\u00e4r.<br \/>\n\u00c7\u00e4r\u00e4 Russi\u00fdadan, Azerba\u00fdjandan, T\u00fcrkmenistandan we Gazagystany\u0148 wekilleri gatna\u015f\u00fdarlar. E\u00fdran tarapyna da\u015fary i\u015fler ministri Abbas Arag\u00e7i, Senagat, magdan we s\u00f6wda ministri Mohammad Atabak we Medeni miras, sy\u00fdahat\u00e7ylyk we senet\u00e7ilik ministri Reza Salehi-Amiri wekil\u00e7ilik ed\u00fd\u00e4r.<\/p>\n","protected":false},"excerpt":{"rendered":"<p>E\u00fdrany\u0148 Prezidenti Masud Peze\u015fkian dekabr a\u00fdynda T\u00fcrkmenistanda we Gazagystanda saparda bolar. E\u00fdran Yslam Respublikasyny\u0148 Da\u015fary sy\u00fdasat edarasyny\u0148 maglumatyna g\u00f6r\u00e4, bu barada E\u00fdrany\u0148 da\u015fary i\u015fler ministri Abbas Arag\u00e7i ilkinji Hazar\u00fdaka sebitini\u0148 h\u00e4kimlerini\u0148 forumyny\u0148 a\u00e7yly\u015f dabarasynda m\u00e4lim etdi. -E\u00fdrany\u0148 Prezidenti Russi\u00fda we Azerba\u00fdjana sapar etdi we bu saparlar \u00f6r\u00e4n \u00fcst\u00fcnlikli boldy. Ol indiki a\u00fdda T\u00fcrkmenistana we Gazagystana [&hellip;]<\/p>\n","protected":false},"author":2,"featured_media":152291,"comment_status":"open","ping_status":"closed","sticky":false,"template":"","format":"standard","meta":{"footnotes":""},"categories":[3],"tags":[],"acf":[],"_links":{"self":[{"href":"https:\/\/zamanturkmenistan.com.tm\/index.php?rest_route=\/wp\/v2\/posts\/152290"}],"collection":[{"href":"https:\/\/zamanturkmenistan.com.tm\/index.php?rest_route=\/wp\/v2\/posts"}],"about":[{"href":"https:\/\/zamanturkmenistan.com.tm\/index.php?rest_route=\/wp\/v2\/types\/post"}],"author":[{"embeddable":true,"href":"https:\/\/zamanturkmenistan.com.tm\/index.php?rest_route=\/wp\/v2\/users\/2"}],"replies":[{"embeddable":true,"href":"https:\/\/zamanturkmenistan.com.tm\/index.php?rest_route=%2Fwp%2Fv2%2Fcomments&post=152290"}],"version-history":[{"count":1,"href":"https:\/\/zamanturkmenistan.com.tm\/index.php?rest_route=\/wp\/v2\/posts\/152290\/revisions"}],"predecessor-version":[{"id":152292,"href":"https:\/\/zamanturkmenistan.com.tm\/index.php?rest_route=\/wp\/v2\/posts\/152290\/revisions\/152292"}],"wp:featuredmedia":[{"embeddable":true,"href":"https:\/\/zamanturkmenistan.com.tm\/index.php?rest_route=\/wp\/v2\/media\/152291"}],"wp:attachment":[{"href":"https:\/\/zamanturkmenistan.com.tm\/index.php?rest_route=%2Fwp%2Fv2%2Fmedia&parent=152290"}],"wp:term":[{"taxonomy":"category","embeddable":true,"href":"https:\/\/zamanturkmenistan.com.tm\/index.php?rest_route=%2Fwp%2Fv2%2Fcategories&post=152290"},{"taxonomy":"post_tag","embeddable":true,"href":"https:\/\/zamanturkmenistan.com.tm\/index.php?rest_route=%2Fwp%2Fv2%2Ftags&post=152290"}],"curies":[{"name":"wp","href":"https:\/\/api.w.org\/{rel}","templated":true}]}}