{"id":152293,"date":"2025-11-19T20:52:51","date_gmt":"2025-11-19T15:52:51","guid":{"rendered":"https:\/\/zamanturkmenistan.com.tm\/?p=152293"},"modified":"2025-11-19T20:52:51","modified_gmt":"2025-11-19T15:52:51","slug":"turkmenistanyn-dasary-isler-ministrinin-yhhg-nin-bas-sekretary-bilen-telefon-arkaly-sohbetdesligi","status":"publish","type":"post","link":"https:\/\/zamanturkmenistan.com.tm\/?p=152293","title":{"rendered":"T\u00fcrkmenistany\u0148 Da\u015fary i\u015fler ministrini\u0148 \u00ddHHG-ni\u0148 Ba\u015f sekretary bilen telefon arkaly s\u00f6hbetde\u015fligi"},"content":{"rendered":"<p>19-njy no\u00fdabrda T\u00fcrkmenistany\u0148 Da\u015fary i\u015fler ministri Ra\u015fid Meredow bilen \u00ddewropada Howpsuzlyk we Hyzmatda\u015flyk Guramasyny\u0148 Ba\u015f sekretary Feridun Sinirliogluny\u0148 arasynda telefon arkaly s\u00f6hbetde\u015flik ge\u00e7irildi.<br \/>\nS\u00f6hbetde\u015fligi\u0148 bar\u015fynda taraplar T\u00fcrkmenistany\u0148 we \u00ddHHG-ni\u0148 arasyndaky hyzmatda\u015flygy\u0148 ileri tutul\u00fdan ugurlaryny ara alyp maslahatla\u015fyp, \u00f6zara gatna\u015fyklary\u0148 durnukly depginini we netijeli h\u00e4si\u00fdetini bellediler.<br \/>\nS\u00f6hbetde\u015fler halkara gi\u0148i\u015fliginde tagallalary utga\u015fdyrmagy\u0148 \u00e4hmi\u00fdetine a\u00fdratyn \u00fcns berip, parahat\u00e7ylygy, howpsuzlygy we durnukly \u00f6s\u00fc\u015fi mundan be\u00fdl\u00e4k-de berkitm\u00e4ge g\u00f6n\u00fckdirilen birn\u00e4\u00e7e meseleleri ara alyp maslahatla\u015fdylar. Bu maksatlara sebit we \u00e4hlumumy derejede \u00fdetmekde bolsa, T\u00fcrkmenistany\u0148 o\u0148yn bitaraplyk sy\u00fdasatyny\u0148 m\u00f6h\u00fcm ornuny\u0148 bardygy nygtaldy.<br \/>\n\u015eu \u00fdyly\u0148 12-nji dekabrynda A\u015fgabat \u015f\u00e4herinde ge\u00e7iriljek Halkara parahat\u00e7ylyk we ynany\u015fmak forumyny\u0148 ta\u00fd\u00fdarlyk meselelerine hem a\u00fdratyn \u00fcns berildi.<\/p>\n","protected":false},"excerpt":{"rendered":"<p>19-njy no\u00fdabrda T\u00fcrkmenistany\u0148 Da\u015fary i\u015fler ministri Ra\u015fid Meredow bilen \u00ddewropada Howpsuzlyk we Hyzmatda\u015flyk Guramasyny\u0148 Ba\u015f sekretary Feridun Sinirliogluny\u0148 arasynda telefon arkaly s\u00f6hbetde\u015flik ge\u00e7irildi. S\u00f6hbetde\u015fligi\u0148 bar\u015fynda taraplar T\u00fcrkmenistany\u0148 we \u00ddHHG-ni\u0148 arasyndaky hyzmatda\u015flygy\u0148 ileri tutul\u00fdan ugurlaryny ara alyp maslahatla\u015fyp, \u00f6zara gatna\u015fyklary\u0148 durnukly depginini we netijeli h\u00e4si\u00fdetini bellediler. S\u00f6hbetde\u015fler halkara gi\u0148i\u015fliginde tagallalary utga\u015fdyrmagy\u0148 \u00e4hmi\u00fdetine a\u00fdratyn \u00fcns berip, parahat\u00e7ylygy, [&hellip;]<\/p>\n","protected":false},"author":2,"featured_media":152294,"comment_status":"open","ping_status":"closed","sticky":false,"template":"","format":"standard","meta":{"footnotes":""},"categories":[3],"tags":[],"acf":[],"_links":{"self":[{"href":"https:\/\/zamanturkmenistan.com.tm\/index.php?rest_route=\/wp\/v2\/posts\/152293"}],"collection":[{"href":"https:\/\/zamanturkmenistan.com.tm\/index.php?rest_route=\/wp\/v2\/posts"}],"about":[{"href":"https:\/\/zamanturkmenistan.com.tm\/index.php?rest_route=\/wp\/v2\/types\/post"}],"author":[{"embeddable":true,"href":"https:\/\/zamanturkmenistan.com.tm\/index.php?rest_route=\/wp\/v2\/users\/2"}],"replies":[{"embeddable":true,"href":"https:\/\/zamanturkmenistan.com.tm\/index.php?rest_route=%2Fwp%2Fv2%2Fcomments&post=152293"}],"version-history":[{"count":1,"href":"https:\/\/zamanturkmenistan.com.tm\/index.php?rest_route=\/wp\/v2\/posts\/152293\/revisions"}],"predecessor-version":[{"id":152295,"href":"https:\/\/zamanturkmenistan.com.tm\/index.php?rest_route=\/wp\/v2\/posts\/152293\/revisions\/152295"}],"wp:featuredmedia":[{"embeddable":true,"href":"https:\/\/zamanturkmenistan.com.tm\/index.php?rest_route=\/wp\/v2\/media\/152294"}],"wp:attachment":[{"href":"https:\/\/zamanturkmenistan.com.tm\/index.php?rest_route=%2Fwp%2Fv2%2Fmedia&parent=152293"}],"wp:term":[{"taxonomy":"category","embeddable":true,"href":"https:\/\/zamanturkmenistan.com.tm\/index.php?rest_route=%2Fwp%2Fv2%2Fcategories&post=152293"},{"taxonomy":"post_tag","embeddable":true,"href":"https:\/\/zamanturkmenistan.com.tm\/index.php?rest_route=%2Fwp%2Fv2%2Ftags&post=152293"}],"curies":[{"name":"wp","href":"https:\/\/api.w.org\/{rel}","templated":true}]}}