{"id":152296,"date":"2025-11-19T20:55:26","date_gmt":"2025-11-19T15:55:26","guid":{"rendered":"https:\/\/zamanturkmenistan.com.tm\/?p=152296"},"modified":"2025-11-19T20:55:26","modified_gmt":"2025-11-19T15:55:26","slug":"turkmenistanyn-we-sloweniyanyn-dasary-syyasat-edaralarynyn-yolbascylarynyn-arasynda-telefon-arkaly-sohbetdeslik-gecirildi","status":"publish","type":"post","link":"https:\/\/zamanturkmenistan.com.tm\/?p=152296","title":{"rendered":"T\u00fcrkmenistany\u0148 we Sloweni\u00fdany\u0148 da\u015fary sy\u00fdasat edaralaryny\u0148 \u00fdolba\u015f\u00e7ylaryny\u0148 arasynda telefon arkaly s\u00f6hbetde\u015flik ge\u00e7irildi"},"content":{"rendered":"<p>19-njy no\u00fdabrda T\u00fcrkmenistany\u0148 Da\u015fary i\u015fler ministri Ra\u015fid Meredow bilen Sloweni\u00fda Respublikasyny\u0148 Prem\u00fder-ministrini\u0148 orunbasary, Da\u015fary we \u00ddewropa i\u015fleri ministri Tan\u00fda Fa\u00fdony\u0148 arasynda telefon arkaly s\u00f6hbetde\u015flik ge\u00e7irildi.<br \/>\nS\u00f6hbetde\u015flikde taraplar ikitarapla\u00fdyn gatna\u015fyklary\u0148 gi\u0148 gerimli ugurlary bo\u00fdun\u00e7a hyzmatda\u015flygy mundan be\u00fdl\u00e4k-de berkitmegi\u0148 m\u00fcmkin\u00e7iliklerini ara alyp maslahatla\u015fyp, sy\u00fdasy-diplomatik, s\u00f6wda-ykdysady hem-de medeni-ynsanperwer ugurly hyzmatda\u015flygy gi\u0148eltm\u00e4ge bolan \u00f6zara gyzyklanmalaryny be\u00fdan etdiler.<br \/>\nT\u00fcrkmenistany\u0148 we Sloweni\u00fdany\u0148 halkara we sebit guramalaryny\u0148 \u00e7\u00e4klerinde, ilkinji nobatda BMG-ni\u0148 ugry bo\u00fdun\u00e7a netijeli hyzmatda\u015flygy alyp bar\u00fdandygy bellenildi. Muny taraplary\u0148 \u00f6\u0148e s\u00fcr\u00fd\u00e4n ba\u015flangy\u00e7laryny \u00f6zara goldamak tejribesinde g\u00f6rmek bol\u00fdar.<br \/>\n\u015ee\u00fdle hem s\u00f6hbetde\u015fler \u015fu \u00fdyly\u0148 12-nji dekabrynda A\u015fgabatda ge\u00e7irilmegi me\u00fdille\u015fdiril\u00fd\u00e4n Halkara parahat\u00e7ylyk we ynany\u015fmak forumyny\u0148 ta\u00fd\u00fdarlyk meseleleri bo\u00fdun\u00e7a pikir aly\u015fdylar.<\/p>\n","protected":false},"excerpt":{"rendered":"<p>19-njy no\u00fdabrda T\u00fcrkmenistany\u0148 Da\u015fary i\u015fler ministri Ra\u015fid Meredow bilen Sloweni\u00fda Respublikasyny\u0148 Prem\u00fder-ministrini\u0148 orunbasary, Da\u015fary we \u00ddewropa i\u015fleri ministri Tan\u00fda Fa\u00fdony\u0148 arasynda telefon arkaly s\u00f6hbetde\u015flik ge\u00e7irildi. S\u00f6hbetde\u015flikde taraplar ikitarapla\u00fdyn gatna\u015fyklary\u0148 gi\u0148 gerimli ugurlary bo\u00fdun\u00e7a hyzmatda\u015flygy mundan be\u00fdl\u00e4k-de berkitmegi\u0148 m\u00fcmkin\u00e7iliklerini ara alyp maslahatla\u015fyp, sy\u00fdasy-diplomatik, s\u00f6wda-ykdysady hem-de medeni-ynsanperwer ugurly hyzmatda\u015flygy gi\u0148eltm\u00e4ge bolan \u00f6zara gyzyklanmalaryny be\u00fdan etdiler. T\u00fcrkmenistany\u0148 we [&hellip;]<\/p>\n","protected":false},"author":2,"featured_media":152297,"comment_status":"open","ping_status":"closed","sticky":false,"template":"","format":"standard","meta":{"footnotes":""},"categories":[3],"tags":[],"acf":[],"_links":{"self":[{"href":"https:\/\/zamanturkmenistan.com.tm\/index.php?rest_route=\/wp\/v2\/posts\/152296"}],"collection":[{"href":"https:\/\/zamanturkmenistan.com.tm\/index.php?rest_route=\/wp\/v2\/posts"}],"about":[{"href":"https:\/\/zamanturkmenistan.com.tm\/index.php?rest_route=\/wp\/v2\/types\/post"}],"author":[{"embeddable":true,"href":"https:\/\/zamanturkmenistan.com.tm\/index.php?rest_route=\/wp\/v2\/users\/2"}],"replies":[{"embeddable":true,"href":"https:\/\/zamanturkmenistan.com.tm\/index.php?rest_route=%2Fwp%2Fv2%2Fcomments&post=152296"}],"version-history":[{"count":1,"href":"https:\/\/zamanturkmenistan.com.tm\/index.php?rest_route=\/wp\/v2\/posts\/152296\/revisions"}],"predecessor-version":[{"id":152298,"href":"https:\/\/zamanturkmenistan.com.tm\/index.php?rest_route=\/wp\/v2\/posts\/152296\/revisions\/152298"}],"wp:featuredmedia":[{"embeddable":true,"href":"https:\/\/zamanturkmenistan.com.tm\/index.php?rest_route=\/wp\/v2\/media\/152297"}],"wp:attachment":[{"href":"https:\/\/zamanturkmenistan.com.tm\/index.php?rest_route=%2Fwp%2Fv2%2Fmedia&parent=152296"}],"wp:term":[{"taxonomy":"category","embeddable":true,"href":"https:\/\/zamanturkmenistan.com.tm\/index.php?rest_route=%2Fwp%2Fv2%2Fcategories&post=152296"},{"taxonomy":"post_tag","embeddable":true,"href":"https:\/\/zamanturkmenistan.com.tm\/index.php?rest_route=%2Fwp%2Fv2%2Ftags&post=152296"}],"curies":[{"name":"wp","href":"https:\/\/api.w.org\/{rel}","templated":true}]}}