{"id":152299,"date":"2025-11-19T20:59:00","date_gmt":"2025-11-19T15:59:00","guid":{"rendered":"https:\/\/zamanturkmenistan.com.tm\/?p=152299"},"modified":"2025-11-19T20:59:00","modified_gmt":"2025-11-19T15:59:00","slug":"turkmenistanyn-prezidenti-katar-dowletinin-adatdan-dasary-we-doly-ygtyyarly-ilcisini-kabul-etdi","status":"publish","type":"post","link":"https:\/\/zamanturkmenistan.com.tm\/?p=152299","title":{"rendered":"T\u00fcrkmenistany\u0148 Prezidenti Katar D\u00f6wletini\u0148 Adatdan da\u015fary we Doly ygty\u00fdarly Il\u00e7isini kabul etdi"},"content":{"rendered":"<p>18-nji no\u00fdabrda T\u00fcrkmenistany\u0148 Prezidenti Serdar Berdimuhamedow Katar D\u00f6wletini\u0148 T\u00fcrkmenistanda t\u00e4ze bellenen Adatdan da\u015fary we Doly ygty\u00fdarly Il\u00e7isi Nasser bin Ahmed Al Taherini kabul etdi. Ol d\u00f6wlet Ba\u015ftutanymyza ynan\u00e7 hatyny gow\u015furdy.<br \/>\nDiplomat wagt tapyp kabul edendigi \u00fc\u00e7in Prezident Serdar Berdimuhamedowa ho\u015fallyk bildirip, Katarda T\u00fcrkmenistan bilen dostlukly gatna\u015fyklara \u00fdokary baha beril\u00fd\u00e4ndigini belledi hem-de pursatdan pe\u00fddalanyp, Katar D\u00f6wletini\u0148 Emiri \u015ee\u00fdh Tamim bin Hamad Al Tanini\u0148 T\u00fcrkmenistany\u0148 Prezidentine we Gahryman Arkadagymyza iberen m\u00e4hirli salamyny \u00fdetirdi.<br \/>\nDiplomat Prezident Serdar Berdimuhamedowy \u00d6zbegistan Respublikasyny\u0148 \u00fdokary d\u00f6wlet sylagy \u2014 \u00ab\u00ddokary derejeli dostluk\u00bb ordeni bilen sylaglanylmagy mynasybetli t\u00fc\u00fds \u00fd\u00fcrekden gutlady.<br \/>\nT\u00fcrkmenistany\u0148 Prezidenti ho\u015fni\u00fdetli s\u00f6zler \u00fc\u00e7in minnetdarlyk bildirip, Nasser bin Ahmed Al Taherini \u00fdokary diplomatik wezip\u00e4 bellenilmegi bilen gutlady hem-de o\u0148a iki \u00fdurdu\u0148 arasynda netijeli gatna\u015fyklary mundan be\u00fdl\u00e4k-de \u00f6sd\u00fcrmek ugrunda alyp barjak i\u015finde uly \u00fcst\u00fcnlikleri arzuw etdi.<br \/>\nPrezident Serdar Berdimuhamedow Emir \u015ee\u00fdh Tamim bin Hamad Al Tan\u00e4 i\u0148 gowy arzuwlaryny be\u00fdan edip, T\u00fcrkmenistany\u0148 Katar bilen k\u00f6ptaraply hyzmatda\u015flygy berkitm\u00e4ge m\u00f6h\u00fcm \u00e4hmi\u00fdet ber\u00fd\u00e4ndigini nygtady. \u00ddokary derejed\u00e4ki \u00f6zara saparlar bolsa ony has-da ilerletm\u00e4ge \u00fdardam ber\u00fd\u00e4r.<br \/>\nT\u00fcrkmenistany\u0148 Prezidenti iki \u00fdurdu\u0148 halkara guramalary\u0148, hususan-da, Birle\u015fen Milletler Guramasyny\u0148 \u00e7\u00e4klerinde \u00fcst\u00fcnlikli hyzmatda\u015flyk ed\u00fd\u00e4ndigini kanagatlanma bilen bell\u00e4p, T\u00fcrkmenistany\u0148 Birle\u015fen Milletler Guramasynda \u00f6\u0148e s\u00fcr\u00fd\u00e4n ba\u015flangy\u00e7laryny ilkinjileri\u0148 biri bolup golda\u00fdandygy \u00fc\u00e7in katar tarapyna t\u00fc\u00fds \u00fd\u00fcrekden minnetdarlyk bildirdi.<br \/>\nDu\u015fu\u015fygy\u0148 dowamynda \u00fdangy\u00e7-energetika toplumy, s\u00f6wda, ma\u00fda go\u00fdum, ulag-aragatna\u015fyk, himi\u00fda senagaty, dokma we oba hojalyk pudagy, saglygy gora\u00fdy\u015f, \u00fdokary tehnologi\u00fdalar ulgamlary hyzmatda\u015flygy\u0148 geljegi uly ugurlaryny\u0148 hatarynda g\u00f6rkezildi. \u015eunda bilelikd\u00e4ki t\u00fcrkmen-katar h\u00f6k\u00fcmetara toparyny\u0148 m\u00fcmkin\u00e7iliklerinden has netijeli pe\u00fddalanmagy\u0148 zerurdygyna \u00fcns \u00e7ekildi.<br \/>\nPrezident Serdar Berdimuhamedow medeni-ynsanperwer ulgamda hem hyzmatda\u015flyk \u00fc\u00e7in gi\u0148 m\u00fcmkin\u00e7ilikleri\u0148 bardygyny belledi.<br \/>\nDu\u015fu\u015fygy\u0148 ahyrynda Katar D\u00f6wletini\u0148 T\u00fcrkmenistandaky Adatdan da\u015fary we Doly ygty\u00fdarly Il\u00e7isi Nasser bin Ahmed Al Taheri m\u00e4hirli kabul edilendigi \u00fc\u00e7in \u00fdene bir gezek ho\u015fallyk bildirip, iki \u00fdurdu\u0148 arasyndaky d\u00e4p bolan dostlukly gatna\u015fyklary mundan be\u00fdl\u00e4k-de pugtalandyrmakda tagallalaryny ga\u00fdgyrmajakdygyna ynandyrdy.<\/p>\n","protected":false},"excerpt":{"rendered":"<p>18-nji no\u00fdabrda T\u00fcrkmenistany\u0148 Prezidenti Serdar Berdimuhamedow Katar D\u00f6wletini\u0148 T\u00fcrkmenistanda t\u00e4ze bellenen Adatdan da\u015fary we Doly ygty\u00fdarly Il\u00e7isi Nasser bin Ahmed Al Taherini kabul etdi. Ol d\u00f6wlet Ba\u015ftutanymyza ynan\u00e7 hatyny gow\u015furdy. Diplomat wagt tapyp kabul edendigi \u00fc\u00e7in Prezident Serdar Berdimuhamedowa ho\u015fallyk bildirip, Katarda T\u00fcrkmenistan bilen dostlukly gatna\u015fyklara \u00fdokary baha beril\u00fd\u00e4ndigini belledi hem-de pursatdan pe\u00fddalanyp, Katar D\u00f6wletini\u0148 [&hellip;]<\/p>\n","protected":false},"author":2,"featured_media":152300,"comment_status":"open","ping_status":"closed","sticky":false,"template":"","format":"standard","meta":{"footnotes":""},"categories":[3],"tags":[],"acf":[],"_links":{"self":[{"href":"https:\/\/zamanturkmenistan.com.tm\/index.php?rest_route=\/wp\/v2\/posts\/152299"}],"collection":[{"href":"https:\/\/zamanturkmenistan.com.tm\/index.php?rest_route=\/wp\/v2\/posts"}],"about":[{"href":"https:\/\/zamanturkmenistan.com.tm\/index.php?rest_route=\/wp\/v2\/types\/post"}],"author":[{"embeddable":true,"href":"https:\/\/zamanturkmenistan.com.tm\/index.php?rest_route=\/wp\/v2\/users\/2"}],"replies":[{"embeddable":true,"href":"https:\/\/zamanturkmenistan.com.tm\/index.php?rest_route=%2Fwp%2Fv2%2Fcomments&post=152299"}],"version-history":[{"count":1,"href":"https:\/\/zamanturkmenistan.com.tm\/index.php?rest_route=\/wp\/v2\/posts\/152299\/revisions"}],"predecessor-version":[{"id":152301,"href":"https:\/\/zamanturkmenistan.com.tm\/index.php?rest_route=\/wp\/v2\/posts\/152299\/revisions\/152301"}],"wp:featuredmedia":[{"embeddable":true,"href":"https:\/\/zamanturkmenistan.com.tm\/index.php?rest_route=\/wp\/v2\/media\/152300"}],"wp:attachment":[{"href":"https:\/\/zamanturkmenistan.com.tm\/index.php?rest_route=%2Fwp%2Fv2%2Fmedia&parent=152299"}],"wp:term":[{"taxonomy":"category","embeddable":true,"href":"https:\/\/zamanturkmenistan.com.tm\/index.php?rest_route=%2Fwp%2Fv2%2Fcategories&post=152299"},{"taxonomy":"post_tag","embeddable":true,"href":"https:\/\/zamanturkmenistan.com.tm\/index.php?rest_route=%2Fwp%2Fv2%2Ftags&post=152299"}],"curies":[{"name":"wp","href":"https:\/\/api.w.org\/{rel}","templated":true}]}}